{"id":1171,"date":"2023-11-16T06:07:35","date_gmt":"2023-11-16T05:07:35","guid":{"rendered":"https:\/\/www.earlydays.pl\/?p=1171"},"modified":"2023-11-16T06:07:35","modified_gmt":"2023-11-16T05:07:35","slug":"lampa-scienna-funiculi-nowoczesne-rozwiazanie-oswietleniowe-dla-twojego-wnetrza","status":"publish","type":"post","link":"https:\/\/www.earlydays.pl\/index.php\/2023\/11\/16\/lampa-scienna-funiculi-nowoczesne-rozwiazanie-oswietleniowe-dla-twojego-wnetrza\/","title":{"rendered":"Lampa \u015bcienna Funiculi &#8211; nowoczesne rozwi\u0105zanie o\u015bwietleniowe dla Twojego wn\u0119trza"},"content":{"rendered":"<h2> Wst\u0119p <\/h2>\n<p>Lampa \u015bcienna Funiculi to nowoczesna i stylowa propozycja o\u015bwietleniowa dla Twojego wn\u0119trza. Dzi\u0119ki swojemu minimalistycznemu i eleganckiemu design&#8217;owi, ta lampa z pewno\u015bci\u0105 wzbogaci aran\u017cacj\u0119 ka\u017cdego pomieszczenia. W dzisiejszym artykule skoncentrujemy si\u0119 na om\u00f3wieniu wszystkich szczeg\u00f3\u0142\u00f3w dotycz\u0105cych funkcjonalno\u015bci, wygl\u0105du oraz innych naprawd\u0119 wa\u017cnych cech tej lampy.<\/p>\n<h2> Funkcjonalno\u015b\u0107 <\/h2>\n<p>Lampa \u015bcienna Funiculi zosta\u0142a wykonana z my\u015bl\u0105 o praktycznych zastosowaniach. Lamp\u0119 mo\u017cna stosowa\u0107 jako punktowe \u015bwiat\u0142o lub wprowadzi\u0107 j\u0105 do rozbudowanej aran\u017cacji przestrzennej. Jest to doskona\u0142a propozycja dla tych, kt\u00f3rzy lubi\u0105 cieszy\u0107 si\u0119 funkcjonalno\u015bci\u0105 swoich przedmiot\u00f3w.<\/p>\n<h3> Warianty kolorystyczne <\/h3>\n<p>Lampa \u015bcienna Funiculi jest dost\u0119pna w r\u00f3\u017cnych wariantach kolorystycznych, dzi\u0119ki czemu pasuje do ka\u017cdego wystroju wn\u0119trza. Wprowadzenie do aran\u017cacji barwy &#8211; szarej, bia\u0142ej lub czarnej &#8211; pozwoli na stworzenie harmonijnej i sp\u00f3jnej ca\u0142o\u015bci.<\/p>\n<h3> \u0179r\u00f3d\u0142o \u015bwiat\u0142a <\/h3>\n<p>Lampa \u015bcienna Funiculi jest wyposa\u017cona w \u017ar\u00f3d\u0142o \u015bwiat\u0142a LED, co pozwala na oszcz\u0119dno\u015b\u0107 energii elektrycznej oraz d\u0142ugie u\u017cytkowanie. Zalet\u0105 tej lampy jest r\u00f3wnie\u017c to, \u017ce posiada regulowane \u015bwiat\u0142o, czyli mo\u017cliwo\u015b\u0107 dostosowania go do swoich potrzeb.<\/p>\n<h2> Wygl\u0105d <\/h2>\n<p>Lampa \u015bcienna Funiculi zachwyca swoim design&#8217;em, kt\u00f3ry \u0142\u0105czy w sobie nowoczesne style z klasycznym minimalizmem. \u0141\u0105czy w sobie jednocze\u015bnie industrialne, ale i eleganckie elementy, dzi\u0119ki czemu nabiera ona wyj\u0105tkowego charakteru.<\/p>\n<h3> Materia\u0142y <\/h3>\n<p>Lampa \u015bcienna Funiculi zosta\u0142a wykonana z aluminium i \u017celaza, co zapewnia odporno\u015b\u0107 i trwa\u0142o\u015b\u0107 przedmiotu. Aluminium jest wykorzystane w kloszu, kt\u00f3ry utrzymuje \u017ar\u00f3d\u0142o \u015bwiat\u0142a, natomiast \u017celazne \u0142\u0105czniki zapewniaj\u0105 stabilno\u015b\u0107 lampy.<\/p>\n<h3> Konstrukcja <\/h3>\n<p>Lampa \u015bcienna Funiculi sk\u0142ada si\u0119 z kilku element\u00f3w: klosza, rami\u0105czka, informacyjnej ga\u0142ki oraz przewodu. Rami\u0105czko wykonane z tworzywa w kolorze chromu daje pe\u0142n\u0105 swobod\u0119 w kierowaniu \u015bwiat\u0142a. Odkr\u0119canie informacyjnej ga\u0142ki, umo\u017cliwia nam regulacj\u0119 o\u015bwietlenia. Przew\u00f3d jest wykorzystywany do pod\u0142\u0105czenia lampy do gniazdka na \u015bcianie.<\/p>\n<h2> Podsumowanie <\/h2>\n<p>Lampa \u015bcienna Funiculi to elegancka i praktyczna propozycja dla tych, kt\u00f3rzy ceni\u0105 sobie funkcjonalno\u015b\u0107, ale r\u00f3wnocze\u015bnie chc\u0105 wprowadzi\u0107 do swojego wn\u0119trza element designerski. Pomimo swojego minimalistycznego stylu, lampa ta zachwyca swoim wygl\u0105dem oraz mo\u017cliwo\u015bciami u\u017cytkowymi. Z pewno\u015bci\u0105 doda ona blasku ka\u017cdemu pomieszczeniu oraz skoncentruje na sobie uwag\u0119.<\/p>\n","protected":false},"excerpt":{"rendered":"<p>Wst\u0119p Lampa \u015bcienna Funiculi to nowoczesna i stylowa propozycja o\u015bwietleniowa dla Twojego wn\u0119trza. Dzi\u0119ki swojemu minimalistycznemu i eleganckiemu design&#8217;owi, ta lampa z pewno\u015bci\u0105 wzbogaci aran\u017cacj\u0119 ka\u017cdego pomieszczenia. W dzisiejszym artykule skoncentrujemy si\u0119 na om\u00f3wieniu wszystkich szczeg\u00f3\u0142\u00f3w dotycz\u0105cych funkcjonalno\u015bci, wygl\u0105du oraz innych naprawd\u0119 wa\u017cnych cech tej lampy. Funkcjonalno\u015b\u0107 Lampa \u015bcienna Funiculi zosta\u0142a wykonana z my\u015bl\u0105 o&#8230;<\/p>\n","protected":false},"author":1,"featured_media":0,"comment_status":"open","ping_status":"open","sticky":false,"template":"","format":"standard","meta":{"footnotes":""},"categories":[1],"tags":[],"class_list":["post-1171","post","type-post","status-publish","format-standard","hentry","category-bez-kategorii"],"_links":{"self":[{"href":"https:\/\/www.earlydays.pl\/index.php\/wp-json\/wp\/v2\/posts\/1171","targetHints":{"allow":["GET"]}}],"collection":[{"href":"https:\/\/www.earlydays.pl\/index.php\/wp-json\/wp\/v2\/posts"}],"about":[{"href":"https:\/\/www.earlydays.pl\/index.php\/wp-json\/wp\/v2\/types\/post"}],"author":[{"embeddable":true,"href":"https:\/\/www.earlydays.pl\/index.php\/wp-json\/wp\/v2\/users\/1"}],"replies":[{"embeddable":true,"href":"https:\/\/www.earlydays.pl\/index.php\/wp-json\/wp\/v2\/comments?post=1171"}],"version-history":[{"count":0,"href":"https:\/\/www.earlydays.pl\/index.php\/wp-json\/wp\/v2\/posts\/1171\/revisions"}],"wp:attachment":[{"href":"https:\/\/www.earlydays.pl\/index.php\/wp-json\/wp\/v2\/media?parent=1171"}],"wp:term":[{"taxonomy":"category","embeddable":true,"href":"https:\/\/www.earlydays.pl\/index.php\/wp-json\/wp\/v2\/categories?post=1171"},{"taxonomy":"post_tag","embeddable":true,"href":"https:\/\/www.earlydays.pl\/index.php\/wp-json\/wp\/v2\/tags?post=1171"}],"curies":[{"name":"wp","href":"https:\/\/api.w.org\/{rel}","templated":true}]}}