{"id":1190,"date":"2023-08-24T06:58:45","date_gmt":"2023-08-24T04:58:45","guid":{"rendered":"https:\/\/www.earlydays.pl\/?p=1190"},"modified":"2023-04-18T09:02:35","modified_gmt":"2023-04-18T07:02:35","slug":"wspolczesna-czarna-lampa-wiszaca-eleganckie-oswietlenie-do-nowoczesnych-wnetrz","status":"publish","type":"post","link":"https:\/\/www.earlydays.pl\/index.php\/2023\/08\/24\/wspolczesna-czarna-lampa-wiszaca-eleganckie-oswietlenie-do-nowoczesnych-wnetrz\/","title":{"rendered":"Wsp\u00f3\u0142czesna czarna lampa wisz\u0105ca &#8211; eleganckie o\u015bwietlenie do nowoczesnych wn\u0119trz"},"content":{"rendered":"<p>W dzisiejszych czasach o\u015bwietlenie pe\u0142ni bardzo wa\u017cn\u0105 rol\u0119 w aran\u017cacji wn\u0119trza. Nie tylko zapewnia odpowiednie warunki do pracy czy odpoczynku, ale r\u00f3wnie\u017c stanowi istotny element dekoracyjny. Jednym z najnowszych trend\u00f3w w\u015br\u00f3d o\u015bwietlenia s\u0105 wisz\u0105ce lampy w stylu nowoczesnym. W szczeg\u00f3lno\u015bci, warto zwr\u00f3ci\u0107 uwag\u0119 na eleganckie lampy wisz\u0105ce w kolorze czarnym, kt\u00f3re dodaj\u0105 przestrzeni eleganckiego i nowoczesnego charakteru. Niniejszy artyku\u0142 ma na celu przybli\u017cenie tematu wsp\u00f3\u0142czesnych czarnych lamp wisz\u0105cych oraz ich zastosowania w dekoracji wn\u0119trz.<\/p>\n<h2>Czym s\u0105 wsp\u00f3\u0142czesne czarne lampy wisz\u0105ce?<\/h2>\n<p>Wsp\u00f3\u0142czesne czarne lampy wisz\u0105ce to o\u015bwietlenie w stylu nowoczesnym, kt\u00f3re cechuje minimalizm formy i prosta konstrukcja. Charakteryzuj\u0105 si\u0119 one zwykle czarn\u0105 kolorystyk\u0105, a materia\u0142em, z kt\u00f3rego s\u0105 wykonane jest cz\u0119sto metal lub tworzywo sztuczne. Wsp\u00f3\u0142czesne czarne lampy wisz\u0105ce s\u0105 dost\u0119pne w r\u00f3\u017cnych kszta\u0142tach i rozmiarach, co pozwala na dob\u00f3r odpowiedniego modelu do konkretnego wn\u0119trza. Wi\u0119kszo\u015b\u0107 takich lamp oferuje regulacj\u0119 nat\u0119\u017cenia \u015bwiat\u0142a, co umo\u017cliwia dostosowanie jej do specyfiki pomieszczenia oraz potrzeb u\u017cytkownik\u00f3w.<\/p>\n<h2>Zastosowanie w dekoracji wn\u0119trz<\/h2>\n<p>Wsp\u00f3\u0142czesne czarne lampy wisz\u0105ce s\u0105 idealnym rozwi\u0105zaniem dla os\u00f3b, kt\u00f3re ceni\u0105 sobie nowoczesny styl oraz elegancj\u0119. Ich minimalizm formy i prosta konstrukcja sprawiaj\u0105, \u017ce \u015bwietnie komponuj\u0105 si\u0119 z r\u00f3\u017cnymi aran\u017cacjami wn\u0119trz, niezale\u017cnie od stylu i kolorystyki. Dzi\u0119ki regulacji nat\u0119\u017cenia \u015bwiat\u0142a, s\u0105 one r\u00f3wnie\u017c funkcjonalnym elementem wyposa\u017cenia, kt\u00f3ry zapewnia odpowiednie warunki do pracy czy odpoczynku.<\/p>\n<p>W zale\u017cno\u015bci od rodzaju pomieszczenia, w kt\u00f3rym b\u0119d\u0105 si\u0119 znajdowa\u0107, wsp\u00f3\u0142czesne czarne lampy wisz\u0105ce mog\u0105 by\u0107 zastosowane na r\u00f3\u017cne sposoby. W sypialni mo\u017cna postawi\u0107 na du\u017cy model o delikatnej formie, umieszczony centralnie nad \u0142\u00f3\u017ckiem. Dzi\u0119ki temu uzyska si\u0119 przytulny, intymny nastr\u00f3j, kt\u00f3ry sprzyja odpoczynkowi i relaksowi. W salonie natomiast mo\u017cna zastosowa\u0107 kilka mniejszych lampek, umieszczonych w r\u00f3\u017cnych miejscach, co pozwoli na stworzenie przytulnego i mi\u0142ego klimatu, kt\u00f3ry sprzyja tworzeniu relacji mi\u0119dzy domownikami.<\/p>\n<p>Wsp\u00f3\u0142czesne czarne lampy wisz\u0105ce to doskona\u0142y wyb\u00f3r dla os\u00f3b, kt\u00f3re poszukuj\u0105 funkcjonalno\u015bci i modnego stylu w jednym. Ich minimalistyczna forma i eleganckie wykonanie sprawiaj\u0105, \u017ce \u015bwietnie komponuj\u0105 si\u0119 z r\u00f3\u017cnymi aran\u017cacjami wn\u0119trz, a ich regulacja nat\u0119\u017cenia \u015bwiat\u0142a pozwalaj\u0105 na dostosowanie do konkretnych potrzeb u\u017cytkownik\u00f3w. Dzi\u0119ki nim mo\u017cna stworzy\u0107 nowoczesn\u0105 i eleganck\u0105 przestrze\u0144 w domu lub biurze, kt\u00f3ra b\u0119dzie zachwyca\u0107 go\u015bci i zapewni\u0107 wygod\u0119 domownikom.<\/p>\n","protected":false},"excerpt":{"rendered":"<p>W dzisiejszych czasach o\u015bwietlenie pe\u0142ni bardzo wa\u017cn\u0105 rol\u0119 w aran\u017cacji wn\u0119trza. Nie tylko zapewnia odpowiednie warunki do pracy czy odpoczynku, ale r\u00f3wnie\u017c stanowi istotny element dekoracyjny. Jednym z najnowszych trend\u00f3w w\u015br\u00f3d o\u015bwietlenia s\u0105 wisz\u0105ce lampy w stylu nowoczesnym. W szczeg\u00f3lno\u015bci, warto zwr\u00f3ci\u0107 uwag\u0119 na eleganckie lampy wisz\u0105ce w kolorze czarnym, kt\u00f3re dodaj\u0105 przestrzeni eleganckiego i&#8230;<\/p>\n","protected":false},"author":1,"featured_media":2855,"comment_status":"open","ping_status":"open","sticky":false,"template":"","format":"standard","meta":{"footnotes":""},"categories":[3],"tags":[],"class_list":["post-1190","post","type-post","status-publish","format-standard","has-post-thumbnail","hentry","category-torby"],"_links":{"self":[{"href":"https:\/\/www.earlydays.pl\/index.php\/wp-json\/wp\/v2\/posts\/1190","targetHints":{"allow":["GET"]}}],"collection":[{"href":"https:\/\/www.earlydays.pl\/index.php\/wp-json\/wp\/v2\/posts"}],"about":[{"href":"https:\/\/www.earlydays.pl\/index.php\/wp-json\/wp\/v2\/types\/post"}],"author":[{"embeddable":true,"href":"https:\/\/www.earlydays.pl\/index.php\/wp-json\/wp\/v2\/users\/1"}],"replies":[{"embeddable":true,"href":"https:\/\/www.earlydays.pl\/index.php\/wp-json\/wp\/v2\/comments?post=1190"}],"version-history":[{"count":1,"href":"https:\/\/www.earlydays.pl\/index.php\/wp-json\/wp\/v2\/posts\/1190\/revisions"}],"predecessor-version":[{"id":2931,"href":"https:\/\/www.earlydays.pl\/index.php\/wp-json\/wp\/v2\/posts\/1190\/revisions\/2931"}],"wp:featuredmedia":[{"embeddable":true,"href":"https:\/\/www.earlydays.pl\/index.php\/wp-json\/wp\/v2\/media\/2855"}],"wp:attachment":[{"href":"https:\/\/www.earlydays.pl\/index.php\/wp-json\/wp\/v2\/media?parent=1190"}],"wp:term":[{"taxonomy":"category","embeddable":true,"href":"https:\/\/www.earlydays.pl\/index.php\/wp-json\/wp\/v2\/categories?post=1190"},{"taxonomy":"post_tag","embeddable":true,"href":"https:\/\/www.earlydays.pl\/index.php\/wp-json\/wp\/v2\/tags?post=1190"}],"curies":[{"name":"wp","href":"https:\/\/api.w.org\/{rel}","templated":true}]}}