{"id":1287,"date":"2023-08-17T11:27:35","date_gmt":"2023-08-17T09:27:35","guid":{"rendered":"https:\/\/www.earlydays.pl\/?p=1287"},"modified":"2023-04-18T09:11:36","modified_gmt":"2023-04-18T07:11:36","slug":"mad-shade-bezszczelna-moc-muzycznej-ekspresji-mad-shade-bezkompromisowa-sila-muzycznej-ekspresji","status":"publish","type":"post","link":"https:\/\/www.earlydays.pl\/index.php\/2023\/08\/17\/mad-shade-bezszczelna-moc-muzycznej-ekspresji-mad-shade-bezkompromisowa-sila-muzycznej-ekspresji\/","title":{"rendered":"Mad Shade &#8211; Bezszczelna Moc Muzycznej Ekspresji (Mad Shade &#8211; Bezkompromisowa Si\u0142a Muzycznej Ekspresji)"},"content":{"rendered":"<p>Mad Shade to zesp\u00f3\u0142 muzyczny, kt\u00f3ry powsta\u0142 w 2016 roku w Warszawie. Grupa zyska\u0142a du\u017c\u0105 popularno\u015b\u0107 dzi\u0119ki energicznym koncertom i bezkompromisowemu podej\u015bciu do tworzenia muzyki. W tym artykule przyjrzymy si\u0119 blisko tw\u00f3rczo\u015bci Mad Shade i ich wp\u0142ywowi na polsk\u0105 scen\u0119 muzyczn\u0105.<\/p>\n<h2>Historia Mad Shade<\/h2>\n<p>Mad Shade zosta\u0142 za\u0142o\u017cony przez trzech przyjaci\u00f3\u0142 &#8211; \u0141ukasza, Macieja i Adama, kt\u00f3rzy poznali si\u0119 na studiach muzycznych w Warszawie. Zesp\u00f3\u0142 zacz\u0105\u0142 od koncert\u00f3w w ma\u0142ych klubach, ale szybko zdoby\u0142 rzesz\u0119 fan\u00f3w dzi\u0119ki swojemu oryginalnemu brzmieniu i niekonwencjonalnej postawie na scenie.<\/p>\n<p>W 2018 roku Mad Shade wyda\u0142 swoj\u0105 pierwsz\u0105 EP-k\u0119 &#8222;Insane&#8221;, kt\u00f3ra w kr\u00f3tkim czasie sta\u0142a si\u0119 jednym z najcz\u0119\u015bciej odtwarzanych album\u00f3w polskiej sceny alternatywnej. P\u0142yta zyska\u0142a uznanie krytyk\u00f3w i umocni\u0142a pozycj\u0119 zespo\u0142u na rynku muzycznym.<\/p>\n<p>W 2019 roku Mad Shade zagra\u0142 na jednym z najwi\u0119kszych festiwali muzycznych w Polsce &#8211; Open&#8217;er Festival, gdzie wyst\u0105pi\u0142 przed takimi gwiazdami jak The Strokes czy Florence and The Machine. Koncert na Open&#8217;erze by\u0142 punktem zwrotnym w karierze zespo\u0142u i przyci\u0105gn\u0105\u0142 jeszcze wi\u0119ksz\u0105 liczb\u0119 fan\u00f3w.<\/p>\n<p>W 2020 roku Mad Shade wyda\u0142 sw\u00f3j pierwszy album d\u0142ugograj\u0105cy &#8222;Crazy&#8221; i odby\u0142 tras\u0119 koncertow\u0105 po ca\u0142ej Polsce. Album zebra\u0142 pozytywne opinie krytyk\u00f3w i przyni\u00f3s\u0142 zespo\u0142owi jeszcze wi\u0119ksze uznanie w\u015br\u00f3d fan\u00f3w.<\/p>\n<h2>Muzyczna ekspresja<\/h2>\n<p>Mad Shade to zesp\u00f3\u0142, kt\u00f3ry stawia na muzyczn\u0105 ekspresj\u0119 i nie boi si\u0119 eksperymentowa\u0107 z brzmieniami. Ich muzyka oscyluje mi\u0119dzy rockiem a elektronik\u0105, a teksty poruszaj\u0105 tematy takie jak mi\u0142o\u015b\u0107, wolno\u015b\u0107 i szale\u0144stwo. Charakterystyczne dla zespo\u0142u s\u0105 energiczne riffy gitarowe, dynamiczne beaty i niebanalne aran\u017cacje.<\/p>\n<p>W swojej muzyce Mad Shade stawia na autentyczno\u015b\u0107 i szczero\u015b\u0107. Teksty piosenek s\u0105 cz\u0119sto refleksyjne i personalne, a wokalista \u0141ukasz zawsze daje z siebie wszystko na scenie. Podczas koncert\u00f3w Mad Shade stymuluje publiczno\u015b\u0107 do ta\u0144ca i radosnej zabawy.<\/p>\n<h2>Mad Shade a polska scena muzyczna<\/h2>\n<p>Mad Shade to zesp\u00f3\u0142, kt\u00f3ry przyczyni\u0142 si\u0119 do odm\u0142odzenia i o\u017cywienia polskiej sceny muzycznej. Ich niekonwencjonalne podej\u015bcie do tworzenia muzyki zdecydowanie odr\u00f3\u017cnia ich od innych artyst\u00f3w na rynku i przyci\u0105ga m\u0142odsze pokolenia.<\/p>\n<p>Mad Shade wprowadzi\u0142 nowe brzmienia i inspiracje do polskiej muzyki, co mo\u017ce by\u0107 widoczne w tw\u00f3rczo\u015bci innych zespo\u0142\u00f3w. Ich autentyczna tw\u00f3rczo\u015b\u0107 inspiruje te\u017c m\u0142odych artyst\u00f3w do samorealizacji i eksperymentowania z brzmieniami.<\/p>\n<p>Mad Shade to zesp\u00f3\u0142, kt\u00f3ry zaskakuje swoimi odwa\u017cnymi pomys\u0142ami i autentycznym podej\u015bciem do tworzenia muzyki. Ich bezkompromisowe podej\u015bcie zdecydowanie przyczyni\u0142o si\u0119 do od\u015bwie\u017cenia polskiej sceny muzycznej. Je\u015bli jeszcze nie mieli\u015bcie okazji pos\u0142ucha\u0107 Mad Shade, koniecznie nadajcie swoim uszom ich energiczne d\u017awi\u0119ki i do\u0142\u0105czcie do ich radosnej, szalonej ekipy.<\/p>\n","protected":false},"excerpt":{"rendered":"<p>Mad Shade to zesp\u00f3\u0142 muzyczny, kt\u00f3ry powsta\u0142 w 2016 roku w Warszawie. Grupa zyska\u0142a du\u017c\u0105 popularno\u015b\u0107 dzi\u0119ki energicznym koncertom i bezkompromisowemu podej\u015bciu do tworzenia muzyki. W tym artykule przyjrzymy si\u0119 blisko tw\u00f3rczo\u015bci Mad Shade i ich wp\u0142ywowi na polsk\u0105 scen\u0119 muzyczn\u0105. Historia Mad Shade Mad Shade zosta\u0142 za\u0142o\u017cony przez trzech przyjaci\u00f3\u0142 &#8211; \u0141ukasza, Macieja i&#8230;<\/p>\n","protected":false},"author":1,"featured_media":2970,"comment_status":"open","ping_status":"open","sticky":false,"template":"","format":"standard","meta":{"footnotes":""},"categories":[6],"tags":[],"class_list":["post-1287","post","type-post","status-publish","format-standard","has-post-thumbnail","hentry","category-meble"],"_links":{"self":[{"href":"https:\/\/www.earlydays.pl\/index.php\/wp-json\/wp\/v2\/posts\/1287","targetHints":{"allow":["GET"]}}],"collection":[{"href":"https:\/\/www.earlydays.pl\/index.php\/wp-json\/wp\/v2\/posts"}],"about":[{"href":"https:\/\/www.earlydays.pl\/index.php\/wp-json\/wp\/v2\/types\/post"}],"author":[{"embeddable":true,"href":"https:\/\/www.earlydays.pl\/index.php\/wp-json\/wp\/v2\/users\/1"}],"replies":[{"embeddable":true,"href":"https:\/\/www.earlydays.pl\/index.php\/wp-json\/wp\/v2\/comments?post=1287"}],"version-history":[{"count":1,"href":"https:\/\/www.earlydays.pl\/index.php\/wp-json\/wp\/v2\/posts\/1287\/revisions"}],"predecessor-version":[{"id":2994,"href":"https:\/\/www.earlydays.pl\/index.php\/wp-json\/wp\/v2\/posts\/1287\/revisions\/2994"}],"wp:featuredmedia":[{"embeddable":true,"href":"https:\/\/www.earlydays.pl\/index.php\/wp-json\/wp\/v2\/media\/2970"}],"wp:attachment":[{"href":"https:\/\/www.earlydays.pl\/index.php\/wp-json\/wp\/v2\/media?parent=1287"}],"wp:term":[{"taxonomy":"category","embeddable":true,"href":"https:\/\/www.earlydays.pl\/index.php\/wp-json\/wp\/v2\/categories?post=1287"},{"taxonomy":"post_tag","embeddable":true,"href":"https:\/\/www.earlydays.pl\/index.php\/wp-json\/wp\/v2\/tags?post=1287"}],"curies":[{"name":"wp","href":"https:\/\/api.w.org\/{rel}","templated":true}]}}