{"id":1352,"date":"2023-09-03T14:39:36","date_gmt":"2023-09-03T12:39:36","guid":{"rendered":"https:\/\/www.earlydays.pl\/?p=1352"},"modified":"2023-04-25T10:46:35","modified_gmt":"2023-04-25T08:46:35","slug":"trojramienne-sufitowe-oswietlenie-w-kolorze-bialym","status":"publish","type":"post","link":"https:\/\/www.earlydays.pl\/index.php\/2023\/09\/03\/trojramienne-sufitowe-oswietlenie-w-kolorze-bialym\/","title":{"rendered":"Tr\u00f3jramienne sufitowe o\u015bwietlenie w kolorze bia\u0142ym"},"content":{"rendered":"<h2>Co to jest tr\u00f3jramienne sufitowe o\u015bwietlenie?<\/h2>\n<p>Tr\u00f3jramienne sufitowe o\u015bwietlenie to rodzaj o\u015bwietlenia, kt\u00f3re sk\u0142ada si\u0119 z trzech ramion, kt\u00f3re s\u0105 przymocowane do sufitu. Ka\u017cde rami\u0119 mo\u017ce mie\u0107 pojedyncze lub podw\u00f3jne \u017ar\u00f3d\u0142a \u015bwiat\u0142a, co oznacza, \u017ce \u200b\u200btr\u00f3jramienne o\u015bwietlenie sufitowe mo\u017ce zawiera\u0107 od trzech do sze\u015bciu \u017ar\u00f3de\u0142 \u015bwiat\u0142a. Jest to idealny wyb\u00f3r dla pomieszcze\u0144, kt\u00f3re wymagaj\u0105 wi\u0119cej ni\u017c jednego punktu \u015bwietlnego, takich jak salon, jadalnia czy sypialnia.<\/p>\n<h2>Dlaczego tr\u00f3jramienne sufitowe o\u015bwietlenie jest najlepszym wyborem dla Twojego domu?<\/h2>\n<p>Tr\u00f3jramienne sufitowe o\u015bwietlenie nie tylko zapewnia wiele \u017ar\u00f3de\u0142 \u015bwiat\u0142a, ale r\u00f3wnie\u017c oferuje wiele stylowych i funkcjonalnych opcji. Istniej\u0105 modele z ramionami regulowanymi w r\u00f3\u017cnych kierunkach, co pozwala na skierowanie \u015bwiat\u0142a we w\u0142a\u015bciwe miejsce. Niekt\u00f3re modele s\u0105 r\u00f3wnie\u017c wyposa\u017cone w \u015bciemniacze, kt\u00f3re pozwalaj\u0105 na regulacj\u0119 nat\u0119\u017cenia \u015bwiat\u0142a, co daje wi\u0119ksz\u0105 elastyczno\u015b\u0107 w tworzeniu optymalnej atmosfery w pomieszczeniu.<\/p>\n<p>W przypadku tr\u00f3jramiennych o\u015bwietle\u0144 sufitowych w kolorze bia\u0142ym, s\u0105 one idealne dla os\u00f3b, kt\u00f3re szukaj\u0105 prostych, niezwykle eleganckich i nowoczesnych rozwi\u0105za\u0144. Kolor bia\u0142y oznacza, \u017ce \u200b\u200blatarnie \u015bwietlne b\u0119d\u0105 pasowa\u0107 do ka\u017cdej kolorystyki mieszkania, zar\u00f3wno do ciemnych, jak i jasnych pomieszcze\u0144. W dodatku, tr\u00f3jramienne sufitowe o\u015bwietlenie w kolorze bia\u0142ym jest bardzo \u0142atwe do utrzymania czysto\u015bci i mo\u017ce pasowa\u0107 do ka\u017cdej aran\u017cacji wn\u0119trza.<\/p>\n<h3>Wybierz swoje idealne o\u015bwietlenie sufitowe tr\u00f3jramienne w kolorze bia\u0142ym<\/h3>\n<p>Tr\u00f3jramienne sufitowe o\u015bwietlenie w kolorze bia\u0142ym jest og\u00f3lnie dost\u0119pne w r\u00f3\u017cnych sklepach meblowych i sklepach internetowych w r\u00f3\u017cnych cenach i stylach. Mo\u017cesz wybra\u0107 jeden, kt\u00f3ry odpowiada Twojemu gustowi i potrzebom, a jednocze\u015bnie nie nadwyr\u0119\u017ca\u0107 Twojego portfela.<\/p>\n<p>Warto zauwa\u017cy\u0107, \u017ce podczas wyboru tr\u00f3jramiennego o\u015bwietlenia sufitowego w kolorze bia\u0142ym, nale\u017cy r\u00f3wnie\u017c wzi\u0105\u0107 pod uwag\u0119 wielko\u015b\u0107 pomieszczenia. \u015awietl\u00f3wki z jednego lub dw\u00f3ch ramion b\u0119d\u0105 idealne dla mniejszych pomieszcze\u0144, podczas gdy te z trzema lub wi\u0119cej ramionami b\u0119d\u0105 idealne dla wi\u0119kszych pomieszcze\u0144.<\/p>\n<p>O\u015bwietlenie sufitowe tr\u00f3jramienne w kolorze bia\u0142ym jest doskona\u0142ym wyborem dla Twojego domu, ze wzgl\u0119du na swoj\u0105 funkcjonalno\u015b\u0107 i stylowy wygl\u0105d. Dzi\u0119ki przemy\u015blanej selekcji dost\u0119pnych na rynku alternatyw, ka\u017cdy mo\u017ce znale\u017a\u0107 tr\u00f3jramienne sufitowe o\u015bwietlenie w kolorze bia\u0142ym, kt\u00f3re b\u0119dzie odpowiada\u0107 ich wymaganiom i potrzebom. Bez wzgl\u0119du na to, czy wybierzesz prosty czy bardziej skomplikowany model, o\u015bwietlenie sufitowe tr\u00f3jramienne w kolorze bia\u0142ym z pewno\u015bci\u0105 doda klasy i stylu do ka\u017cdego wn\u0119trza.<\/p>\n","protected":false},"excerpt":{"rendered":"<p>Co to jest tr\u00f3jramienne sufitowe o\u015bwietlenie? Tr\u00f3jramienne sufitowe o\u015bwietlenie to rodzaj o\u015bwietlenia, kt\u00f3re sk\u0142ada si\u0119 z trzech ramion, kt\u00f3re s\u0105 przymocowane do sufitu. Ka\u017cde rami\u0119 mo\u017ce mie\u0107 pojedyncze lub podw\u00f3jne \u017ar\u00f3d\u0142a \u015bwiat\u0142a, co oznacza, \u017ce \u200b\u200btr\u00f3jramienne o\u015bwietlenie sufitowe mo\u017ce zawiera\u0107 od trzech do sze\u015bciu \u017ar\u00f3de\u0142 \u015bwiat\u0142a. Jest to idealny wyb\u00f3r dla pomieszcze\u0144, kt\u00f3re wymagaj\u0105 wi\u0119cej&#8230;<\/p>\n","protected":false},"author":1,"featured_media":3315,"comment_status":"open","ping_status":"open","sticky":false,"template":"","format":"standard","meta":{"footnotes":""},"categories":[6],"tags":[],"class_list":["post-1352","post","type-post","status-publish","format-standard","has-post-thumbnail","hentry","category-meble"],"_links":{"self":[{"href":"https:\/\/www.earlydays.pl\/index.php\/wp-json\/wp\/v2\/posts\/1352","targetHints":{"allow":["GET"]}}],"collection":[{"href":"https:\/\/www.earlydays.pl\/index.php\/wp-json\/wp\/v2\/posts"}],"about":[{"href":"https:\/\/www.earlydays.pl\/index.php\/wp-json\/wp\/v2\/types\/post"}],"author":[{"embeddable":true,"href":"https:\/\/www.earlydays.pl\/index.php\/wp-json\/wp\/v2\/users\/1"}],"replies":[{"embeddable":true,"href":"https:\/\/www.earlydays.pl\/index.php\/wp-json\/wp\/v2\/comments?post=1352"}],"version-history":[{"count":1,"href":"https:\/\/www.earlydays.pl\/index.php\/wp-json\/wp\/v2\/posts\/1352\/revisions"}],"predecessor-version":[{"id":3396,"href":"https:\/\/www.earlydays.pl\/index.php\/wp-json\/wp\/v2\/posts\/1352\/revisions\/3396"}],"wp:featuredmedia":[{"embeddable":true,"href":"https:\/\/www.earlydays.pl\/index.php\/wp-json\/wp\/v2\/media\/3315"}],"wp:attachment":[{"href":"https:\/\/www.earlydays.pl\/index.php\/wp-json\/wp\/v2\/media?parent=1352"}],"wp:term":[{"taxonomy":"category","embeddable":true,"href":"https:\/\/www.earlydays.pl\/index.php\/wp-json\/wp\/v2\/categories?post=1352"},{"taxonomy":"post_tag","embeddable":true,"href":"https:\/\/www.earlydays.pl\/index.php\/wp-json\/wp\/v2\/tags?post=1352"}],"curies":[{"name":"wp","href":"https:\/\/api.w.org\/{rel}","templated":true}]}}