{"id":1382,"date":"2023-08-21T16:26:44","date_gmt":"2023-08-21T14:26:44","guid":{"rendered":"https:\/\/www.earlydays.pl\/?p=1382"},"modified":"2023-04-18T09:05:50","modified_gmt":"2023-04-18T07:05:50","slug":"duze-biale-abazury-do-oswietlenia-modne-i-stylowe-rozwiazanie","status":"publish","type":"post","link":"https:\/\/www.earlydays.pl\/index.php\/2023\/08\/21\/duze-biale-abazury-do-oswietlenia-modne-i-stylowe-rozwiazanie\/","title":{"rendered":"Du\u017ce bia\u0142e aba\u017cury do o\u015bwietlenia &#8211; modne i stylowe rozwi\u0105zanie"},"content":{"rendered":"<p>Cech\u0105 charakterystyczn\u0105 nowoczesnych wn\u0119trz jest stosowanie r\u00f3\u017cnego rodzaju o\u015bwietlenia. Lampy, kinkiety i aba\u017cury s\u0105 nieodzownym elementem ka\u017cdego dobrze zaaran\u017cowanego domu. W ostatnich latach du\u017c\u0105 popularno\u015bci\u0105 ciesz\u0105 si\u0119 du\u017ce bia\u0142e aba\u017cury, kt\u00f3re cz\u0119sto stanowi\u0105 centrum uwagi w pomieszczeniu. W tym artykule om\u00f3wimy korzy\u015bci wynikaj\u0105ce z zastosowania takiego rodzaju o\u015bwietlenia oraz przedstawimy inspiracje dotycz\u0105ce jego stylowego wykorzystania.<\/p>\n<h2>Korzy\u015bci wynikaj\u0105ce z u\u017cycia du\u017cych bia\u0142ych aba\u017cur\u00f3w<\/h2>\n<h3>Obni\u017cenie nat\u0119\u017cenia \u015bwiat\u0142a<\/h3>\n<p>Du\u017ce bia\u0142e aba\u017cury s\u0105 idealne do o\u015bwietlenia pomieszcze\u0144, w kt\u00f3rych wymagane jest pow\u015bci\u0105gliwe, niemal delikatne \u015bwiat\u0142o. G\u0142adka bia\u0142a powierzchnia poch\u0142ania cz\u0119\u015b\u0107 \u015bwiat\u0142a, dzi\u0119ki czemu uzyskuje si\u0119 subtelny i delikatny efekt.<\/p>\n<h3>Stylowy wygl\u0105d<\/h3>\n<p>Du\u017ce bia\u0142e aba\u017cury s\u0105 eleganckie i stylowe, dlatego cz\u0119sto stanowi\u0105 nieodzowny element mieszka\u0144 urz\u0105dzonych w nowoczesnym stylu. Stanowi\u0105 one bardzo dobr\u0105 alternatyw\u0119 dla bardziej tradycyjnych lamp i kinkiet\u00f3w, daj\u0105c wi\u0119cej mo\u017cliwo\u015bci kreatywnego zaanga\u017cowania si\u0119 w projektowanie przestrzeni \u015bwiadomej.<\/p>\n<h3>Rozproszenie \u015bwiat\u0142a<\/h3>\n<p>Du\u017ce bia\u0142e aba\u017cury rozpraszaj\u0105 \u015bwiat\u0142o w r\u00f3wnomierny spos\u00f3b po ca\u0142ym pomieszczeniu, dzi\u0119ki czemu nie tworz\u0105 \u017cadnych cieni i zapewniaj\u0105 idealn\u0105 r\u00f3wnowag\u0119 mi\u0119dzy jasno\u015bci\u0105, a ciemno\u015bci\u0105. Jest to szczeg\u00f3lnie wa\u017cne w przypadku zastosowania w sypialni lub w gabinecie, gdzie najwa\u017cniejsza jest wygodna i przyjemna atmosfera relaksu.<\/p>\n<h2>Inspiracje dotycz\u0105ce stylowego wykorzystania du\u017cych bia\u0142ych aba\u017cur\u00f3w<\/h2>\n<h3>Kuchnia w stylu skandynawskim<\/h3>\n<p>Du\u017cy bia\u0142y aba\u017cur dodaje stylu i elegancji do kuchni w stylu skandynawskim. Mo\u017cna go wykorzysta\u0107 do przeniesienia na obraz wn\u0119trza czysto\u015bci, elegancji i funkcjonalno\u015bci. W po\u0142\u0105czeniu ze st\u00f3\u0142m drewnianym, wn\u0119trze kuchni zyska nowoczesny i stylowy wygl\u0105d.<\/p>\n<h3>Salon z jasnymi meblami<\/h3>\n<p>Du\u017cy bia\u0142y aba\u017cur wykorzystany w salonie zadbanym o harmoni\u0119 wn\u0119trz, z jasnymi meblami i du\u017c\u0105 ilo\u015bci\u0105 przestrzeni nadaje charakteru i ekstrawagancj\u0119. W po\u0142\u0105czeniu z biel\u0105 \u015bcian, otrzymujemy stylowe oraz funkcjonalne wn\u0119trze.<\/p>\n<p>Du\u017ce bia\u0142e aba\u017cury to obecnie bardzo popularne rozwi\u0105zanie w nowoczesnych domach. Maj\u0105 wiele zalet, takich jak obni\u017cenie nat\u0119\u017cenia \u015bwiat\u0142a, stylowy wygl\u0105d, a tak\u017ce r\u00f3wnomierne rozproszenie \u015bwiat\u0142a. S\u0105 idealne do zastosowania w r\u00f3\u017cnych pomieszczeniach i kombinacji z r\u00f3\u017cnymi stylami wn\u0119trz, tworz\u0105c przy tym wyj\u0105tkow\u0105 atmosfer\u0119 relaksu i wypoczynku. Nic dziwnego, \u017ce sta\u0142y si\u0119 wa\u017cnymi elementami w projektowaniu najnowocze\u015bniejszych przestrzeni mieszkalnych.<\/p>\n","protected":false},"excerpt":{"rendered":"<p>Cech\u0105 charakterystyczn\u0105 nowoczesnych wn\u0119trz jest stosowanie r\u00f3\u017cnego rodzaju o\u015bwietlenia. Lampy, kinkiety i aba\u017cury s\u0105 nieodzownym elementem ka\u017cdego dobrze zaaran\u017cowanego domu. W ostatnich latach du\u017c\u0105 popularno\u015bci\u0105 ciesz\u0105 si\u0119 du\u017ce bia\u0142e aba\u017cury, kt\u00f3re cz\u0119sto stanowi\u0105 centrum uwagi w pomieszczeniu. W tym artykule om\u00f3wimy korzy\u015bci wynikaj\u0105ce z zastosowania takiego rodzaju o\u015bwietlenia oraz przedstawimy inspiracje dotycz\u0105ce jego stylowego wykorzystania&#8230;.<\/p>\n","protected":false},"author":1,"featured_media":2874,"comment_status":"open","ping_status":"open","sticky":false,"template":"","format":"standard","meta":{"footnotes":""},"categories":[4],"tags":[],"class_list":["post-1382","post","type-post","status-publish","format-standard","has-post-thumbnail","hentry","category-obuwie"],"_links":{"self":[{"href":"https:\/\/www.earlydays.pl\/index.php\/wp-json\/wp\/v2\/posts\/1382","targetHints":{"allow":["GET"]}}],"collection":[{"href":"https:\/\/www.earlydays.pl\/index.php\/wp-json\/wp\/v2\/posts"}],"about":[{"href":"https:\/\/www.earlydays.pl\/index.php\/wp-json\/wp\/v2\/types\/post"}],"author":[{"embeddable":true,"href":"https:\/\/www.earlydays.pl\/index.php\/wp-json\/wp\/v2\/users\/1"}],"replies":[{"embeddable":true,"href":"https:\/\/www.earlydays.pl\/index.php\/wp-json\/wp\/v2\/comments?post=1382"}],"version-history":[{"count":1,"href":"https:\/\/www.earlydays.pl\/index.php\/wp-json\/wp\/v2\/posts\/1382\/revisions"}],"predecessor-version":[{"id":2947,"href":"https:\/\/www.earlydays.pl\/index.php\/wp-json\/wp\/v2\/posts\/1382\/revisions\/2947"}],"wp:featuredmedia":[{"embeddable":true,"href":"https:\/\/www.earlydays.pl\/index.php\/wp-json\/wp\/v2\/media\/2874"}],"wp:attachment":[{"href":"https:\/\/www.earlydays.pl\/index.php\/wp-json\/wp\/v2\/media?parent=1382"}],"wp:term":[{"taxonomy":"category","embeddable":true,"href":"https:\/\/www.earlydays.pl\/index.php\/wp-json\/wp\/v2\/categories?post=1382"},{"taxonomy":"post_tag","embeddable":true,"href":"https:\/\/www.earlydays.pl\/index.php\/wp-json\/wp\/v2\/tags?post=1382"}],"curies":[{"name":"wp","href":"https:\/\/api.w.org\/{rel}","templated":true}]}}