{"id":324,"date":"2023-09-29T16:57:06","date_gmt":"2023-09-29T14:57:06","guid":{"rendered":"https:\/\/www.earlydays.pl\/?p=324"},"modified":"2023-04-25T10:13:58","modified_gmt":"2023-04-25T08:13:58","slug":"okucie-sufitowej-lampy-jak-dopasowac-odpowiednia-plyte-oslonowa","status":"publish","type":"post","link":"https:\/\/www.earlydays.pl\/index.php\/2023\/09\/29\/okucie-sufitowej-lampy-jak-dopasowac-odpowiednia-plyte-oslonowa\/","title":{"rendered":"Okucie sufitowej lampy &#8211; jak dopasowa\u0107 odpowiedni\u0105 p\u0142yt\u0119 os\u0142onow\u0105?"},"content":{"rendered":"<p>Okucie sufitowej lampy to niezb\u0119dny element instalacji o\u015bwietleniowej. Zabezpiecza ono \u017car\u00f3wk\u0119 i przewody elektryczne przed uszkodzeniem oraz umo\u017cliwia stabilne zamocowanie lampy do sufitu. Jednym z najwa\u017cniejszych element\u00f3w okucia jest p\u0142yta os\u0142onowa, kt\u00f3ra zapewnia estetyczne i bezpieczne zamkni\u0119cie g\u00f3rnego otworu lampy. W tej pracy om\u00f3wimy jak dobra\u0107 odpowiedni\u0105 p\u0142yt\u0119 os\u0142onow\u0105 do w\u0142asnej lampy sufitowej.<\/p>\n<h2>Podstawowe rodzaje p\u0142yt os\u0142onowych<\/h2>\n<p>Istnieje kilka podstawowych rodzaj\u00f3w p\u0142yt os\u0142onowych. Wyr\u00f3\u017cniaj\u0105 si\u0119 one mi\u0119dzy innymi szeroko\u015bci\u0105 i kszta\u0142tem. Najpopularniejsze warianty to:<\/p>\n<h3>P\u0142yty okr\u0105g\u0142e<\/h3>\n<p>P\u0142yty okr\u0105g\u0142e s\u0105 najcz\u0119\u015bciej stosowane w popularnych lampach sufitowych. Charakteryzuj\u0105 si\u0119 estetycznym wygl\u0105dem i szerok\u0105 gam\u0105 kolor\u00f3w. Najwa\u017cniejsz\u0105 cech\u0105 takiej p\u0142yty jest jej \u015brednica. Najcz\u0119\u015bciej wybieramy j\u0105 w zale\u017cno\u015bci od rozmiaru zamontowanej \u017car\u00f3wki.<\/p>\n<h3>P\u0142yty prostok\u0105tne<\/h3>\n<p>P\u0142yty prostok\u0105tne s\u0105 stosowane w bardziej wyszukanych konstrukcjach lamp sufitowych. Ich zalet\u0105 jest du\u017ca powierzchnia i mo\u017cliwo\u015b\u0107 zamocowania dodatkowych ozd\u00f3b. S\u0105 te\u017c \u0142atwe w monta\u017cu, dzi\u0119ki czemu mog\u0105 by\u0107 dobrym wyborem dla os\u00f3b, kt\u00f3re chc\u0105 samodzielnie z\u0142o\u017cy\u0107 swoj\u0105 lamp\u0119.<\/p>\n<h3>P\u0142yty ozdobne<\/h3>\n<p>P\u0142yty ozdobne to elementy wyposa\u017cenia lamp sufitowych, kt\u00f3re s\u0142u\u017c\u0105 przede wszystkim poprawie estetyki i stylu. Mog\u0105 by\u0107 wykonane z r\u00f3\u017cnego materia\u0142u (np. drewno, plastik, metal) i posiada\u0107 ro\u017cne wzory. Ich wyb\u00f3r uzale\u017cniony jest przede wszystkim od wystroju wn\u0119trza i rodzaju lampy.<\/p>\n<h2>Jak dobra\u0107 odpowiedni\u0105 p\u0142yt\u0119 os\u0142onow\u0105 do lampy sufitowej?<\/h2>\n<p>Aby dobra\u0107 odpowiedni\u0105 p\u0142yt\u0119 os\u0142onow\u0105 do lampy sufitowej, nale\u017cy wzi\u0105\u0107 pod uwag\u0119 kilka czynnik\u00f3w. S\u0105 to mi\u0119dzy innymi:<\/p>\n<h3>Rozmiar<\/h3>\n<p>Najwa\u017cniejszym aspektem doboru p\u0142yty os\u0142onowej jest jej rozmiar. Musi ona by\u0107 dostosowana do \u015brednicy zamontowanej \u017car\u00f3wki. W przypadku p\u0142yty prostok\u0105tnej, nale\u017cy sprawdzi\u0107 jej wymiary z sufitow\u0105 puszka na kable.<\/p>\n<h3>Wytrzyma\u0142o\u015b\u0107<\/h3>\n<p>P\u0142yta os\u0142onowa musi by\u0107 wystarczaj\u0105co wytrzyma\u0142a, aby zabezpieczy\u0107 \u017car\u00f3wk\u0119 i przewody przed uszkodzeniem. Warto zwr\u00f3ci\u0107 uwag\u0119 na materia\u0142, z kt\u00f3rego jest wykonana i stan techniczny.<\/p>\n<h3>Estetyka<\/h3>\n<p>P\u0142yta os\u0142onowa powinna by\u0107 estetyczna i dopasowa\u0107 si\u0119 do wygl\u0105du ca\u0142ej instalacji o\u015bwietleniowej. Warto przemy\u015ble\u0107 jej wyb\u00f3r razem z ca\u0142o\u015bci\u0105 lampy sufitowej i jej otoczeniem.<\/p>\n<p>Wyb\u00f3r odpowiedniej p\u0142yty os\u0142onowej do sufitowej lampy to wa\u017cne zadanie. Wymaga ono od nas uwzgl\u0119dnienia kilku czynnik\u00f3w, takich jak rozmiar, wytrzyma\u0142o\u015b\u0107 czy estetyka. Uwa\u017cne podej\u015bcie do doboru pozwoli na stworzenie estetycznej i bezpiecznej instalacji o\u015bwietleniowej w naszym domu.<\/p>\n","protected":false},"excerpt":{"rendered":"<p>Okucie sufitowej lampy to niezb\u0119dny element instalacji o\u015bwietleniowej. Zabezpiecza ono \u017car\u00f3wk\u0119 i przewody elektryczne przed uszkodzeniem oraz umo\u017cliwia stabilne zamocowanie lampy do sufitu. Jednym z najwa\u017cniejszych element\u00f3w okucia jest p\u0142yta os\u0142onowa, kt\u00f3ra zapewnia estetyczne i bezpieczne zamkni\u0119cie g\u00f3rnego otworu lampy. W tej pracy om\u00f3wimy jak dobra\u0107 odpowiedni\u0105 p\u0142yt\u0119 os\u0142onow\u0105 do w\u0142asnej lampy sufitowej. Podstawowe rodzaje&#8230;<\/p>\n","protected":false},"author":1,"featured_media":3133,"comment_status":"open","ping_status":"open","sticky":false,"template":"","format":"standard","meta":{"footnotes":""},"categories":[6],"tags":[],"class_list":["post-324","post","type-post","status-publish","format-standard","has-post-thumbnail","hentry","category-meble"],"_links":{"self":[{"href":"https:\/\/www.earlydays.pl\/index.php\/wp-json\/wp\/v2\/posts\/324","targetHints":{"allow":["GET"]}}],"collection":[{"href":"https:\/\/www.earlydays.pl\/index.php\/wp-json\/wp\/v2\/posts"}],"about":[{"href":"https:\/\/www.earlydays.pl\/index.php\/wp-json\/wp\/v2\/types\/post"}],"author":[{"embeddable":true,"href":"https:\/\/www.earlydays.pl\/index.php\/wp-json\/wp\/v2\/users\/1"}],"replies":[{"embeddable":true,"href":"https:\/\/www.earlydays.pl\/index.php\/wp-json\/wp\/v2\/comments?post=324"}],"version-history":[{"count":1,"href":"https:\/\/www.earlydays.pl\/index.php\/wp-json\/wp\/v2\/posts\/324\/revisions"}],"predecessor-version":[{"id":3197,"href":"https:\/\/www.earlydays.pl\/index.php\/wp-json\/wp\/v2\/posts\/324\/revisions\/3197"}],"wp:featuredmedia":[{"embeddable":true,"href":"https:\/\/www.earlydays.pl\/index.php\/wp-json\/wp\/v2\/media\/3133"}],"wp:attachment":[{"href":"https:\/\/www.earlydays.pl\/index.php\/wp-json\/wp\/v2\/media?parent=324"}],"wp:term":[{"taxonomy":"category","embeddable":true,"href":"https:\/\/www.earlydays.pl\/index.php\/wp-json\/wp\/v2\/categories?post=324"},{"taxonomy":"post_tag","embeddable":true,"href":"https:\/\/www.earlydays.pl\/index.php\/wp-json\/wp\/v2\/tags?post=324"}],"curies":[{"name":"wp","href":"https:\/\/api.w.org\/{rel}","templated":true}]}}