{"id":422,"date":"2023-08-17T20:47:00","date_gmt":"2023-08-17T18:47:00","guid":{"rendered":"https:\/\/www.earlydays.pl\/?p=422"},"modified":"2023-04-18T09:11:20","modified_gmt":"2023-04-18T07:11:20","slug":"nowoczesna-pomaranczowa-abazurka-do-lampy-dodaj-energii-do-swojego-wnetrza","status":"publish","type":"post","link":"https:\/\/www.earlydays.pl\/index.php\/2023\/08\/17\/nowoczesna-pomaranczowa-abazurka-do-lampy-dodaj-energii-do-swojego-wnetrza\/","title":{"rendered":"Nowoczesna pomara\u0144czowa aba\u017curka do lampy: dodaj energii do swojego wn\u0119trza!"},"content":{"rendered":"<h2>Kolor pomara\u0144czowy w aran\u017cacji wn\u0119trz<\/h2>\n<p>Pomara\u0144czowy kolor to jeden z najbardziej energetycznych i dynamicznych kolor\u00f3w, kt\u00f3ry dodaje wn\u0119trzom \u015bwie\u017co\u015bci i o\u017cywienia. Jest to kolor, kt\u00f3ry kojarzy si\u0119 z rado\u015bci\u0105, optymizmem i kreatywno\u015bci\u0105. W aran\u017cacji wn\u0119trz mo\u017ce by\u0107 stosowany w r\u00f3\u017cny spos\u00f3b &#8211; od ma\u0142ych dodatk\u00f3w, a\u017c po ca\u0142e \u015bciany. Jednym z ciekawszych sposob\u00f3w na wprowadzenie pomara\u0144czowego koloru do domowego wn\u0119trza jest zastosowanie nowoczesnej pomara\u0144czowej aba\u017curki do lampy.<\/p>\n<h2>Nowoczesny design aba\u017curki<\/h2>\n<p>Nowoczesna pomara\u0144czowa aba\u017curka to \u015bwietny element dekoracyjny, kt\u00f3ry nadaje ciep\u0142ego i przytulnego charakteru ka\u017cdemu pomieszczeniu. Jej design jest prosty, ale jednocze\u015bnie niebanalny &#8211; aba\u017curka sk\u0142ada si\u0119 z kilku warstw, co dodaje jej g\u0142\u0119bi i ciekawej struktury. Dzi\u0119ki uniwersalnemu kszta\u0142towi i kolorowi aba\u017curka pasuje do wielu rodzaj\u00f3w lamp &#8211; od klasycznych po nowoczesne, minimalistyczne.<\/p>\n<h2>Praktyczne zastosowanie aba\u017curki do lampy<\/h2>\n<p>Nowoczesna pomara\u0144czowa aba\u017curka nie tylko pi\u0119knie wygl\u0105da, ale tak\u017ce ma wiele praktycznych zastosowa\u0144. Przede wszystkim, chroni ona nasze oczy przed bezpo\u015brednim \u015bwiat\u0142em i zapewnia mi\u0119kkie, przyjemne o\u015bwietlenie. Dodatkowo, aba\u017curka mo\u017ce by\u0107 pi\u0119knym elementem dekoracyjnym na biurku, w salonie czy w sypialni. W ch\u0142odniejsze dni, kiedy wcze\u015bniej robi si\u0119 ciemno, aba\u017curka pozwala na szybkie i \u0142atwe zwi\u0119kszenie widoczno\u015bci w pomieszczeniu.<\/p>\n<p>Nowoczesna pomara\u0144czowa aba\u017curka to \u015bwietny wyb\u00f3r dla wszystkich, kt\u00f3rzy chc\u0105 wprowadzi\u0107 ciep\u0142y i energetyczny kolor do swojego wn\u0119trza. Jej nowoczesny design i praktyczne zastosowanie sprawiaj\u0105, \u017ce aba\u017curka jest doskona\u0142ym elementem dekoracyjnym. Dodaj\u0105c pomara\u0144czowego koloru do swojego wn\u0119trza, mo\u017cemy poczu\u0107 si\u0119 bardziej pozytywnie i zmotywowani do dzia\u0142ania, co wp\u0142ynie pozytywnie na nasze samopoczucie i codzienne \u017cycie.<\/p>\n","protected":false},"excerpt":{"rendered":"<p>Kolor pomara\u0144czowy w aran\u017cacji wn\u0119trz Pomara\u0144czowy kolor to jeden z najbardziej energetycznych i dynamicznych kolor\u00f3w, kt\u00f3ry dodaje wn\u0119trzom \u015bwie\u017co\u015bci i o\u017cywienia. Jest to kolor, kt\u00f3ry kojarzy si\u0119 z rado\u015bci\u0105, optymizmem i kreatywno\u015bci\u0105. W aran\u017cacji wn\u0119trz mo\u017ce by\u0107 stosowany w r\u00f3\u017cny spos\u00f3b &#8211; od ma\u0142ych dodatk\u00f3w, a\u017c po ca\u0142e \u015bciany. Jednym z ciekawszych sposob\u00f3w na wprowadzenie&#8230;<\/p>\n","protected":false},"author":1,"featured_media":2967,"comment_status":"open","ping_status":"open","sticky":false,"template":"","format":"standard","meta":{"footnotes":""},"categories":[8],"tags":[],"class_list":["post-422","post","type-post","status-publish","format-standard","has-post-thumbnail","hentry","category-prezent"],"_links":{"self":[{"href":"https:\/\/www.earlydays.pl\/index.php\/wp-json\/wp\/v2\/posts\/422","targetHints":{"allow":["GET"]}}],"collection":[{"href":"https:\/\/www.earlydays.pl\/index.php\/wp-json\/wp\/v2\/posts"}],"about":[{"href":"https:\/\/www.earlydays.pl\/index.php\/wp-json\/wp\/v2\/types\/post"}],"author":[{"embeddable":true,"href":"https:\/\/www.earlydays.pl\/index.php\/wp-json\/wp\/v2\/users\/1"}],"replies":[{"embeddable":true,"href":"https:\/\/www.earlydays.pl\/index.php\/wp-json\/wp\/v2\/comments?post=422"}],"version-history":[{"count":1,"href":"https:\/\/www.earlydays.pl\/index.php\/wp-json\/wp\/v2\/posts\/422\/revisions"}],"predecessor-version":[{"id":2988,"href":"https:\/\/www.earlydays.pl\/index.php\/wp-json\/wp\/v2\/posts\/422\/revisions\/2988"}],"wp:featuredmedia":[{"embeddable":true,"href":"https:\/\/www.earlydays.pl\/index.php\/wp-json\/wp\/v2\/media\/2967"}],"wp:attachment":[{"href":"https:\/\/www.earlydays.pl\/index.php\/wp-json\/wp\/v2\/media?parent=422"}],"wp:term":[{"taxonomy":"category","embeddable":true,"href":"https:\/\/www.earlydays.pl\/index.php\/wp-json\/wp\/v2\/categories?post=422"},{"taxonomy":"post_tag","embeddable":true,"href":"https:\/\/www.earlydays.pl\/index.php\/wp-json\/wp\/v2\/tags?post=422"}],"curies":[{"name":"wp","href":"https:\/\/api.w.org\/{rel}","templated":true}]}}