{"id":655,"date":"2024-02-18T06:20:38","date_gmt":"2024-02-18T05:20:38","guid":{"rendered":"https:\/\/www.earlydays.pl\/?p=655"},"modified":"2024-02-18T06:20:38","modified_gmt":"2024-02-18T05:20:38","slug":"srebrna-swiecznik-scienny-piekno-i-elegancja-w-twoim-domu","status":"publish","type":"post","link":"https:\/\/www.earlydays.pl\/index.php\/2024\/02\/18\/srebrna-swiecznik-scienny-piekno-i-elegancja-w-twoim-domu\/","title":{"rendered":"Srebrna \u015bwiecznik \u015bcienny &#8211; pi\u0119kno i elegancja w Twoim domu"},"content":{"rendered":"<h2>Wst\u0119p<\/h2>\n<p>Cz\u0142owiek od zawsze lubi\u0142 otacza\u0107 si\u0119 pi\u0119knymi przedmiotami, a dekoracje i dodatki wn\u0119trzarskie by\u0142y zawsze cz\u0119\u015bci\u0105 naszych mieszka\u0144 i dom\u00f3w. Jednym z takich element\u00f3w dekoracyjnych, kt\u00f3re w ostatnich latach sta\u0142y si\u0119 coraz bardziej popularne, s\u0105 \u015bwieczniki. W szczeg\u00f3lno\u015bci wall mounted candle holder, czyli \u015bwieczniki \u015bcienna. W tym artykule chc\u0119 przedstawi\u0107 jeden z moich ulubionych \u015bwiecznik\u00f3w \u015bciennych, kt\u00f3ry opr\u00f3cz swojego pi\u0119knego wygl\u0105du ma wiele zalet. Mowa tu o srebrnym \u015bwieczniku \u015bciennym, kt\u00f3ry jest jednym z najlepszych wybor\u00f3w na rynku.<\/p>\n<h2>Pi\u0119kno w prostocie<\/h2>\n<p>Srebrny \u015bwiecznik \u015bcienny, jak ju\u017c zosta\u0142o wspomniane, to jeden z najpi\u0119kniejszych dodatk\u00f3w do naszej przestrzeni jest on stworzony w prostocie formy. Dost\u0119pny w r\u00f3\u017cnych rozmiarach, zawsze wygl\u0105da elegancko i nowocze\u015bnie. Dodaje pomieszczeniu stylowego charakteru i jest w stanie podkre\u015bli\u0107 indywidualny styl dekoracji. Jego srebrny kolor i matowy wyko\u0144czenie sprawiaj\u0105, \u017ce wygl\u0105da niezwykle luksusowo i elegancko, co mo\u017ce stanowi\u0107 szczeg\u00f3lnie wyr\u00f3\u017cniaj\u0105cy si\u0119 element w naszym wn\u0119trzu.<\/p>\n<h2>Oszcz\u0119dno\u015b\u0107 przestrzeni<\/h2>\n<p>Jednym z najwa\u017cniejszych zalet \u015bwiecznika \u015bciennego jest oszcz\u0119dno\u015b\u0107 przestrzeni, kt\u00f3r\u0105 oferuje. Dzi\u0119ki temu, \u017ce mocuje si\u0119 go bezpo\u015brednio na \u015bcianie, nie zajmuje on miejsca na stole, p\u00f3\u0142ce czy parapecie. Dla tych, kt\u00f3rzy ceni\u0105 sobie minimalistyczne, czyste wn\u0119trza, \u015bwiecznik \u015bcienny mo\u017ce by\u0107 doskona\u0142ym wyborem. Jest on praktycznym rozwi\u0105zaniem, kt\u00f3re pozwala na zaoszcz\u0119dzenie przestrzeni na innych elementach dekoracyjnych.<\/p>\n<h2>Funkcjonalno\u015b\u0107 i wygoda u\u017cytkowania<\/h2>\n<p>Srebrny \u015bwiecznik \u015bcienny jest r\u00f3wnie\u017c bardzo funkcjonalny i wygodny w u\u017cyciu. Dzi\u0119ki jego konstrukcji, mo\u017cna go umie\u015bci\u0107 w dowolnym miejscu na \u015bcianie, w zale\u017cno\u015bci od naszych preferencji i potrzeb. Odpowiednio dobrana ilo\u015b\u0107 takich \u015bwiecznik\u00f3w mo\u017ce sprawi\u0107, \u017ce nasze pomieszczenie nabierze wyj\u0105tkowego charakteru. Dodatkowo, \u0142atwo\u015b\u0107 w monta\u017cu oraz mo\u017cliwo\u015b\u0107 szybkiej wymiany \u015bwieczek sprawiaj\u0105, \u017ce srebrny \u015bwiecznik \u015bcienny b\u0119dzie doskona\u0142ym wyborem dla ka\u017cdej osoby ceni\u0105cej funkcjonalne i wygodne rozwi\u0105zania.<\/p>\n<h2>Podsumowanie<\/h2>\n<p>Srebrny \u015bwiecznik \u015bcienny to nie tylko pi\u0119kny i stylowy element dekoracyjny, ale tak\u017ce bardzo praktyczny i wygodny w u\u017cyciu. Oszcz\u0119dno\u015b\u0107 przestrzeni, \u0142atwo\u015b\u0107 monta\u017cu oraz mo\u017cliwo\u015b\u0107 dostosowania jego ilo\u015bci do indywidualnych potrzeb sprawiaj\u0105, \u017ce jest to doskona\u0142a propozycja dla ka\u017cdej osoby, kt\u00f3ra ceni sobie elegancj\u0119 i funkcjonalno\u015b\u0107. Warto rozwa\u017cy\u0107 zakup srebrnego \u015bwiecznika \u015bciennego, poniewa\u017c b\u0119dzie on doskona\u0142ym wyborem dla ka\u017cdego, kto chce nada\u0107 swojemu wn\u0119trzu wyj\u0105tkowego charakteru.<\/p>\n","protected":false},"excerpt":{"rendered":"<p>Wst\u0119p Cz\u0142owiek od zawsze lubi\u0142 otacza\u0107 si\u0119 pi\u0119knymi przedmiotami, a dekoracje i dodatki wn\u0119trzarskie by\u0142y zawsze cz\u0119\u015bci\u0105 naszych mieszka\u0144 i dom\u00f3w. Jednym z takich element\u00f3w dekoracyjnych, kt\u00f3re w ostatnich latach sta\u0142y si\u0119 coraz bardziej popularne, s\u0105 \u015bwieczniki. W szczeg\u00f3lno\u015bci wall mounted candle holder, czyli \u015bwieczniki \u015bcienna. W tym artykule chc\u0119 przedstawi\u0107 jeden z moich ulubionych&#8230;<\/p>\n","protected":false},"author":1,"featured_media":0,"comment_status":"open","ping_status":"open","sticky":false,"template":"","format":"standard","meta":{"footnotes":""},"categories":[1],"tags":[],"class_list":["post-655","post","type-post","status-publish","format-standard","hentry","category-bez-kategorii"],"_links":{"self":[{"href":"https:\/\/www.earlydays.pl\/index.php\/wp-json\/wp\/v2\/posts\/655","targetHints":{"allow":["GET"]}}],"collection":[{"href":"https:\/\/www.earlydays.pl\/index.php\/wp-json\/wp\/v2\/posts"}],"about":[{"href":"https:\/\/www.earlydays.pl\/index.php\/wp-json\/wp\/v2\/types\/post"}],"author":[{"embeddable":true,"href":"https:\/\/www.earlydays.pl\/index.php\/wp-json\/wp\/v2\/users\/1"}],"replies":[{"embeddable":true,"href":"https:\/\/www.earlydays.pl\/index.php\/wp-json\/wp\/v2\/comments?post=655"}],"version-history":[{"count":0,"href":"https:\/\/www.earlydays.pl\/index.php\/wp-json\/wp\/v2\/posts\/655\/revisions"}],"wp:attachment":[{"href":"https:\/\/www.earlydays.pl\/index.php\/wp-json\/wp\/v2\/media?parent=655"}],"wp:term":[{"taxonomy":"category","embeddable":true,"href":"https:\/\/www.earlydays.pl\/index.php\/wp-json\/wp\/v2\/categories?post=655"},{"taxonomy":"post_tag","embeddable":true,"href":"https:\/\/www.earlydays.pl\/index.php\/wp-json\/wp\/v2\/tags?post=655"}],"curies":[{"name":"wp","href":"https:\/\/api.w.org\/{rel}","templated":true}]}}