{"id":820,"date":"2023-10-28T12:42:03","date_gmt":"2023-10-28T10:42:03","guid":{"rendered":"https:\/\/www.earlydays.pl\/?p=820"},"modified":"2023-05-06T12:08:37","modified_gmt":"2023-05-06T10:08:37","slug":"czarny-odcien-wiklinowej-lampy-eleganckie-dodatki-do-twojego-wnetrza","status":"publish","type":"post","link":"https:\/\/www.earlydays.pl\/index.php\/2023\/10\/28\/czarny-odcien-wiklinowej-lampy-eleganckie-dodatki-do-twojego-wnetrza\/","title":{"rendered":"Czarny odcie\u0144 wiklinowej lampy: eleganckie dodatki do twojego wn\u0119trza"},"content":{"rendered":"<p>Marzysz o od\u015bwie\u017ceniu wygl\u0105du swojego domu? Czarny odcie\u0144 wiklinowej lampy mo\u017ce by\u0107 doskona\u0142ym sposobem na wzbogacenie Twojego wn\u0119trza. W tym artykule dowiecie si\u0119 dlaczego warto zainwestowa\u0107 w tak\u0105 dekoracj\u0119, jak\u0105 jest lampka wykonana z wikliny. Przedstawimy r\u00f3wnie\u017c r\u00f3\u017cne sposoby na wykorzystanie takiej lampy w swoim domu.<\/p>\n<h2>Dlaczego czarny odcie\u0144?<\/h2>\n<p>Wiklinowa lampa z czarnym odcieniem z pewno\u015bci\u0105 przyci\u0105gnie uwag\u0119 i nada wn\u0119trzu eleganckiego charakteru. Czarna barwa sprawia, \u017ce lampa doskonale komponuje si\u0119 ze wszystkimi innymi kolorami, a tak\u017ce stanowi ciekawy kontrast dla bieli lub jasnych pastelowych barw.<\/p>\n<h2>Wiklina &#8211; materia\u0142 idealny na dekoracje<\/h2>\n<p>Wiklinowa lampka, wykonana z naturalnego materia\u0142u jest doskona\u0142ym wyborem dla os\u00f3b, kt\u00f3re ceni\u0105 sobie ekologi\u0119 i naturalno\u015b\u0107. Ponadto, wiklina to materia\u0142 bardzo wytrzyma\u0142y i \u0142atwy w utrzymaniu czysto\u015bci. W ci\u0105gu ostatnich kilku lat wiklina zyska\u0142a na popularno\u015bci, co z kolei przyczyni\u0142o si\u0119 do pojawienia si\u0119 na rynku wielu ciekawych projekt\u00f3w lamp ze \u015bwiec\u0105cymi si\u0119 wn\u0119trzami wykonywanymi w\u0142a\u015bnie z wikliny.<\/p>\n<h2>Jak wykorzysta\u0107 czarn\u0105 wiklinow\u0105 lamp\u0119 w swoim domu?<\/h2>\n<h3>Salon<\/h3>\n<p>Czarna wiklinowa lampa doskonale wkomponuje si\u0119 w nowoczesnym lub klasycznym salonie. Mo\u017cesz zestawi\u0107 j\u0105 np. z jasn\u0105 sof\u0105 lub fotelem i cieszy\u0107 si\u0119 eleganckim wygl\u0105dem swojego wn\u0119trza. \u0179r\u00f3d\u0142o \u015bwiat\u0142a przyci\u0105gnie wzrok i doda ciep\u0142a do pokoju.<\/p>\n<h3>Sypialnia<\/h3>\n<p>Ciekawym pomys\u0142em jest r\u00f3wnie\u017c wykorzystanie wiklinowej lampy w sypialni. Sprawi, \u017ce sypialnia nabierze romantycznego klimatu i b\u0119dzie idealnym miejscem do wypoczynku po ci\u0119\u017ckim dniu pracy. Dobrze jest umie\u015bci\u0107 j\u0105 na stoliku nocnym, aby wykorzysta\u0107 j\u0105 jako \u017ar\u00f3d\u0142o \u015bwiat\u0142a podczas czytania ksi\u0105\u017cki.<\/p>\n<h3>Jadalnia<\/h3>\n<p>W jadalni wiklinowa lampa z czarnym odcieniem stanie si\u0119 ozdob\u0105 sto\u0142u podczas kolacji i doda charakteru pomieszczeniu. Ciemne odcienie wikliny na tle bia\u0142ych, jednolitych \u015bcian prezentuj\u0105 si\u0119 bardzo stylowo.<\/p>\n<p>Czarny odcie\u0144 wiklinowej lampy to \u015bwietny wyb\u00f3r do domu lub mieszkania, kt\u00f3re chcesz wzbogaci\u0107 o nowe, stylowe elementy. Wiklinowy klosz wraz z mrocznym kolorem doda elegancji i klimatu wn\u0119trzu, a jednocze\u015bnie stanowi\u0107 b\u0119dzie praktyczne \u017ar\u00f3d\u0142o \u015bwiat\u0142a. Oczywi\u015bcie, sposob\u00f3w na wykorzystanie lampy z czarnej wikliny jest wiele wi\u0119cej. Liczymy, \u017ce nasz tekst zach\u0119ci Ci\u0119 do eksperymentowania z wn\u0119trzem i odkrywania nowych rozwi\u0105za\u0144.<\/p>\n","protected":false},"excerpt":{"rendered":"<p>Marzysz o od\u015bwie\u017ceniu wygl\u0105du swojego domu? Czarny odcie\u0144 wiklinowej lampy mo\u017ce by\u0107 doskona\u0142ym sposobem na wzbogacenie Twojego wn\u0119trza. W tym artykule dowiecie si\u0119 dlaczego warto zainwestowa\u0107 w tak\u0105 dekoracj\u0119, jak\u0105 jest lampka wykonana z wikliny. Przedstawimy r\u00f3wnie\u017c r\u00f3\u017cne sposoby na wykorzystanie takiej lampy w swoim domu. Dlaczego czarny odcie\u0144? Wiklinowa lampa z czarnym odcieniem z&#8230;<\/p>\n","protected":false},"author":1,"featured_media":3419,"comment_status":"open","ping_status":"open","sticky":false,"template":"","format":"standard","meta":{"footnotes":""},"categories":[4],"tags":[],"class_list":["post-820","post","type-post","status-publish","format-standard","has-post-thumbnail","hentry","category-obuwie"],"_links":{"self":[{"href":"https:\/\/www.earlydays.pl\/index.php\/wp-json\/wp\/v2\/posts\/820","targetHints":{"allow":["GET"]}}],"collection":[{"href":"https:\/\/www.earlydays.pl\/index.php\/wp-json\/wp\/v2\/posts"}],"about":[{"href":"https:\/\/www.earlydays.pl\/index.php\/wp-json\/wp\/v2\/types\/post"}],"author":[{"embeddable":true,"href":"https:\/\/www.earlydays.pl\/index.php\/wp-json\/wp\/v2\/users\/1"}],"replies":[{"embeddable":true,"href":"https:\/\/www.earlydays.pl\/index.php\/wp-json\/wp\/v2\/comments?post=820"}],"version-history":[{"count":1,"href":"https:\/\/www.earlydays.pl\/index.php\/wp-json\/wp\/v2\/posts\/820\/revisions"}],"predecessor-version":[{"id":3486,"href":"https:\/\/www.earlydays.pl\/index.php\/wp-json\/wp\/v2\/posts\/820\/revisions\/3486"}],"wp:featuredmedia":[{"embeddable":true,"href":"https:\/\/www.earlydays.pl\/index.php\/wp-json\/wp\/v2\/media\/3419"}],"wp:attachment":[{"href":"https:\/\/www.earlydays.pl\/index.php\/wp-json\/wp\/v2\/media?parent=820"}],"wp:term":[{"taxonomy":"category","embeddable":true,"href":"https:\/\/www.earlydays.pl\/index.php\/wp-json\/wp\/v2\/categories?post=820"},{"taxonomy":"post_tag","embeddable":true,"href":"https:\/\/www.earlydays.pl\/index.php\/wp-json\/wp\/v2\/tags?post=820"}],"curies":[{"name":"wp","href":"https:\/\/api.w.org\/{rel}","templated":true}]}}