{"id":927,"date":"2023-06-06T17:45:02","date_gmt":"2023-06-06T15:45:02","guid":{"rendered":"https:\/\/www.earlydays.pl\/?p=927"},"modified":"2023-04-04T09:39:04","modified_gmt":"2023-04-04T07:39:04","slug":"boris-klimek-memory-light-oswietlenie-zainspirowane-pamiecia","status":"publish","type":"post","link":"https:\/\/www.earlydays.pl\/index.php\/2023\/06\/06\/boris-klimek-memory-light-oswietlenie-zainspirowane-pamiecia\/","title":{"rendered":"Boris Klimek Memory Light: O\u015bwietlenie Zainspirowane Pami\u0119ci\u0105"},"content":{"rendered":"<p>Boris Klimek to ceniony na ca\u0142ym \u015bwiecie projektant, kt\u00f3rym zainteresowa\u0107 b\u0119dzie wiele os\u00f3b, zw\u0142aszcza mi\u0142o\u015bnik\u00f3w nowoczesnego wzornictwa i architektury. Dzi\u0119ki jego pracy powsta\u0142o wiele projekt\u00f3w, kt\u00f3re wykorzystuj\u0105 nowoczesne technologie i nietypowe podej\u015bcie do kszta\u0142towania przestrzeni.<\/p>\n<p>Jednym z najbardziej znanych projekt\u00f3w Borisa Klimeka jest Memory Light. To o\u015bwietlenie zosta\u0142o zaprojektowane z my\u015bl\u0105 o tym, aby po\u0142\u0105czy\u0107 w sobie funkcjonalno\u015b\u0107 i pi\u0119kno. W artykule tym om\u00f3wimy szczeg\u00f3\u0142owo Memory Light i jego cechy.<\/p>\n<h2>Cechy Memory Light<\/h2>\n<p>Memory Light to o\u015bwietlenie, kt\u00f3re zosta\u0142o zaprojektowane z my\u015bl\u0105 o po\u0142\u0105czeniu funkcjonalno\u015bci z pi\u0119knem. To o\u015bwietlenie ma bardzo wielofunkcyjne zastosowanie \u2013 mo\u017ce s\u0142u\u017cy\u0107 jako kinkiet, sufit czy o\u015bwietlenie biurkowe. Jest to urz\u0105dzenie bardzo praktyczne, ale ma te\u017c wiele pi\u0119knych cech.<\/p>\n<p>Jedn\u0105 z najwa\u017cniejszych cech Memory Light jest jego designerski wygl\u0105d. To o\u015bwietlenie jest bardzo stylowe i nowoczesne. Projektanci postawili na minimalizm i prostot\u0119, co sprzyja zastosowaniu Memory Light w r\u00f3\u017cnych wn\u0119trzach.<\/p>\n<p>Kolejn\u0105 wa\u017cn\u0105 cech\u0105 Memory Light jest jego funkcjonalno\u015b\u0107. To o\u015bwietlenie jest bardzo elastyczne i \u0142atwo dostosowa\u0107 je do potrzeb konkretnego miejsca. Mo\u017cna je z \u0142atwo\u015bci\u0105 przesuwa\u0107, regulowa\u0107 jasno\u015b\u0107 czy kierunek o\u015bwietlenia.<\/p>\n<h2>Zastosowanie Memory Light<\/h2>\n<p>Memory Light mo\u017ce by\u0107 stosowane w r\u00f3\u017cnych wn\u0119trzach. To o\u015bwietlenie jest idealne zar\u00f3wno dla prywatnych dom\u00f3w, jak i dla biur czy lokali gastronomicznych. Memory Light mo\u017ce zosta\u0107 zamontowane na \u015bcianie, suficie czy biurku. Jest to bardzo elastyczne o\u015bwietlenie, kt\u00f3re doskonale sprawdzi si\u0119 w ka\u017cdym wn\u0119trzu.<\/p>\n<h3>Memory Light w prywatnych domach<\/h3>\n<p>Memory Light doskonale sprawdzi si\u0119 w prywatnych domach. Mo\u017cna je zastosowa\u0107 w korytarzu, sypialni czy pokoju dzieci\u0119cym. Dzi\u0119ki swojemu minimalistycznemu wygl\u0105dowi, Memory Light b\u0119dzie pasowa\u0107 do ka\u017cdej aran\u017cacji.<\/p>\n<h3>Memory Light w biurach<\/h3>\n<p>Memory Light mo\u017ce by\u0107 r\u00f3wnie\u017c stosowane w biurach. To o\u015bwietlenie jest bardzo elastyczne i \u0142atwo dostosowa\u0107 je do potrzeb pracy. Mo\u017cna je zamontowa\u0107 nad biurkiem, co pozwoli na skuteczn\u0105 prac\u0119 w ciemniejszym pomieszczeniu.<\/p>\n<h3>Memory Light w lokalach gastronomicznych<\/h3>\n<p>Memory Light to r\u00f3wnie\u017c idealne o\u015bwietlenie do lokali gastronomicznych. Dzi\u0119ki swojemu minimalistycznemu wygl\u0105dowi, Memory Light b\u0119dzie pasowa\u0107 do ka\u017cdej aran\u017cacji. Mo\u017cna go zastosowa\u0107 na przyk\u0142ad w restauracji czy kawiarni.<\/p>\n<p>Memory Light to o\u015bwietlenie, kt\u00f3re powinno przyci\u0105gn\u0105\u0107 uwag\u0119 wielu os\u00f3b ze wzgl\u0119du na swoj\u0105 funkcjonalno\u015b\u0107 i pi\u0119kno. To o\u015bwietlenie mo\u017ce by\u0107 stosowane w r\u00f3\u017cnych wn\u0119trzach \u2013 zar\u00f3wno prywatnych, jak i publicznych. Dzi\u0119ki swojemu minimalistycznemu wygl\u0105dowi, Memory Light b\u0119dzie pasowa\u0107 do ka\u017cdej aran\u017cacji. Jest to produkt, kt\u00f3ry jest wart swojej ceny i z pewno\u015bci\u0105 przypadnie do gustu wszystkim mi\u0142o\u015bnikom nowoczesnego wzornictwa i architektury.<\/p>\n","protected":false},"excerpt":{"rendered":"<p>Boris Klimek to ceniony na ca\u0142ym \u015bwiecie projektant, kt\u00f3rym zainteresowa\u0107 b\u0119dzie wiele os\u00f3b, zw\u0142aszcza mi\u0142o\u015bnik\u00f3w nowoczesnego wzornictwa i architektury. Dzi\u0119ki jego pracy powsta\u0142o wiele projekt\u00f3w, kt\u00f3re wykorzystuj\u0105 nowoczesne technologie i nietypowe podej\u015bcie do kszta\u0142towania przestrzeni. Jednym z najbardziej znanych projekt\u00f3w Borisa Klimeka jest Memory Light. To o\u015bwietlenie zosta\u0142o zaprojektowane z my\u015bl\u0105 o tym, aby po\u0142\u0105czy\u0107&#8230;<\/p>\n","protected":false},"author":1,"featured_media":2421,"comment_status":"open","ping_status":"open","sticky":false,"template":"","format":"standard","meta":{"footnotes":""},"categories":[4],"tags":[],"class_list":["post-927","post","type-post","status-publish","format-standard","has-post-thumbnail","hentry","category-obuwie"],"_links":{"self":[{"href":"https:\/\/www.earlydays.pl\/index.php\/wp-json\/wp\/v2\/posts\/927","targetHints":{"allow":["GET"]}}],"collection":[{"href":"https:\/\/www.earlydays.pl\/index.php\/wp-json\/wp\/v2\/posts"}],"about":[{"href":"https:\/\/www.earlydays.pl\/index.php\/wp-json\/wp\/v2\/types\/post"}],"author":[{"embeddable":true,"href":"https:\/\/www.earlydays.pl\/index.php\/wp-json\/wp\/v2\/users\/1"}],"replies":[{"embeddable":true,"href":"https:\/\/www.earlydays.pl\/index.php\/wp-json\/wp\/v2\/comments?post=927"}],"version-history":[{"count":1,"href":"https:\/\/www.earlydays.pl\/index.php\/wp-json\/wp\/v2\/posts\/927\/revisions"}],"predecessor-version":[{"id":2506,"href":"https:\/\/www.earlydays.pl\/index.php\/wp-json\/wp\/v2\/posts\/927\/revisions\/2506"}],"wp:featuredmedia":[{"embeddable":true,"href":"https:\/\/www.earlydays.pl\/index.php\/wp-json\/wp\/v2\/media\/2421"}],"wp:attachment":[{"href":"https:\/\/www.earlydays.pl\/index.php\/wp-json\/wp\/v2\/media?parent=927"}],"wp:term":[{"taxonomy":"category","embeddable":true,"href":"https:\/\/www.earlydays.pl\/index.php\/wp-json\/wp\/v2\/categories?post=927"},{"taxonomy":"post_tag","embeddable":true,"href":"https:\/\/www.earlydays.pl\/index.php\/wp-json\/wp\/v2\/tags?post=927"}],"curies":[{"name":"wp","href":"https:\/\/api.w.org\/{rel}","templated":true}]}}