{"id":944,"date":"2023-11-17T18:37:58","date_gmt":"2023-11-17T17:37:58","guid":{"rendered":"https:\/\/www.earlydays.pl\/?p=944"},"modified":"2023-11-17T18:37:58","modified_gmt":"2023-11-17T17:37:58","slug":"kultowe-lampy-wiszace-mid-century-stylowe-dodatki-do-twojego-wnetrza","status":"publish","type":"post","link":"https:\/\/www.earlydays.pl\/index.php\/2023\/11\/17\/kultowe-lampy-wiszace-mid-century-stylowe-dodatki-do-twojego-wnetrza\/","title":{"rendered":"Kultowe lampy wisz\u0105ce mid century &#8211; stylowe dodatki do twojego wn\u0119trza"},"content":{"rendered":"<h2>Czym s\u0105 lampy wisz\u0105ce mid century?<\/h2>\n<p>Lampy wisz\u0105ce mid century to stylowe i kultowe dodatki do wn\u0119trz, kt\u00f3re powsta\u0142y w latach 50. i 60. XX wieku. Charakteryzuj\u0105 si\u0119 one prost\u0105, minimalistyczn\u0105 form\u0105 oraz futurystycznym designem. Lampy wisz\u0105ce mid century idealnie wpisuj\u0105 si\u0119 w trendy designu, kt\u00f3ry stawia na funkcjonalno\u015b\u0107 i nawi\u0105zanie do przesz\u0142o\u015bci. <\/p>\n<h2>Jak dobra\u0107 odpowiedni\u0105 lamp\u0119 wisz\u0105c\u0105 mid century do wn\u0119trza?<\/h2>\n<p>Przy wyborze odpowiedniej lampy warto zwr\u00f3ci\u0107 uwag\u0119 na kilka kwestii. Przede wszystkim, trzeba wybra\u0107 lamp\u0119, kt\u00f3ra b\u0119dzie pasowa\u0107 do stylu i charakteru naszego wn\u0119trza. Wybieraj\u0105c lamp\u0119 mid century, warto tak\u017ce zastanowi\u0107 si\u0119 nad tym, w jakim pomieszczeniu b\u0119dzie ona u\u017cywana. Lamp\u0119 do salonu warto wybra\u0107 o wi\u0119kszym rozmiarze, z kolei do sypialni lub pokoju dzieci\u0119cego lepiej wybra\u0107 mniejsze i bardziej subtelne modele. <\/p>\n<h3>Rozmiar lampy<\/h3>\n<p>Rozmiar lampy jest bardzo wa\u017cny, poniewa\u017c wp\u0142ywa na jej funkcjonalno\u015b\u0107 i estetyk\u0119. Je\u015bli chodzi o lampy wisz\u0105ce mid century, to warto zwr\u00f3ci\u0107 uwag\u0119 na to, aby by\u0142y one odpowiednio du\u017ce i kontrastowa\u0142y z kolorystyk\u0105 wn\u0119trza. <\/p>\n<h3>Materia\u0142 wykonania<\/h3>\n<p>Materia\u0142 wykonania lampy mid century wp\u0142ywa nie tylko na jej wygl\u0105d, ale r\u00f3wnie\u017c na jej jako\u015b\u0107 i trwa\u0142o\u015b\u0107. Najlepsze s\u0105 wykonane z metalu, szk\u0142a lub tworzywa sztucznego. Trzeba jednak uwa\u017ca\u0107 na modele zbyt ci\u0119\u017ckie, kt\u00f3re mog\u0105 sta\u0107 si\u0119 niebezpieczne i przysporzy\u0107 k\u0142opot\u00f3w z monta\u017cem.<\/p>\n<h2>Kt\u00f3re kolory s\u0105 najcz\u0119\u015bciej u\u017cywane w lampach wisz\u0105cych mid century?<\/h2>\n<p>W lampach wisz\u0105cych mid century dominuj\u0105 kolory, takie jak czerwie\u0144, \u017c\u00f3\u0142\u0107, niebieski i ziele\u0144, cz\u0119sto po\u0142\u0105czone z bia\u0142ym lub czarnym kolorem. W zale\u017cno\u015bci od kolorystyki naszego wn\u0119trza, warto wybra\u0107 lamp\u0119, kt\u00f3ra b\u0119dzie kontrastowa\u0107 z pozosta\u0142ymi elementami. <\/p>\n<h3>Czerwie\u0144<\/h3>\n<p>Czerwie\u0144 to bardzo intensywny kolor, kt\u00f3ry zwraca uwag\u0119 i dodaje energii pomieszczeniu. Idealnie sprawdzi si\u0119 ona w pomieszczeniach o stonowanej kolorystyce. <\/p>\n<h3>\u017b\u00f3\u0142\u0107<\/h3>\n<p>\u017b\u00f3\u0142\u0107 to kolor radosny i optymistyczny, kt\u00f3ry o\u017cywi ka\u017cde wn\u0119trze. W po\u0142\u0105czeniu z biel\u0105 lub szaro\u015bci\u0105, stworzy przyjemn\u0105 i subtelna aran\u017cacj\u0119. <\/p>\n<h3>Niebieski<\/h3>\n<p>Niebieski to kolor kojarz\u0105cy si\u0119 z niebem i wod\u0105. W lampach wisz\u0105cych mid century cz\u0119sto wyst\u0119puje w jasnych odcieniach, kt\u00f3re wprowadz\u0105 ch\u0142odny i spokojny klimat do wn\u0119trza.<\/p>\n<h3>Ziele\u0144<\/h3>\n<p>Ziele\u0144 to kolor kojarz\u0105cy si\u0119 z natur\u0105, kt\u00f3ry wprowadzi do wn\u0119trza wiosenny i \u017cywy klimat. W po\u0142\u0105czeniu z bia\u0142ym lub szarym kolorem stworzy przyjemn\u0105 harmoni\u0119.<\/p>\n<h2>Podsumowanie<\/h2>\n<p>Lampy wisz\u0105ce mid century to stylowe dodatki do naszych wn\u0119trz, kt\u00f3re dodadz\u0105 charakteru i podkre\u015bl\u0105 nasz indywidualny styl. Wybieraj\u0105c odpowiedni\u0105 lamp\u0119, warto zwr\u00f3ci\u0107 uwag\u0119 na rozmiar, kolor oraz materia\u0142 wykonania. Dzi\u0119ki temu, nasze mieszkanie zyska wyj\u0105tkowy i niepowtarzalny wygl\u0105d.<\/p>\n","protected":false},"excerpt":{"rendered":"<p>Czym s\u0105 lampy wisz\u0105ce mid century? Lampy wisz\u0105ce mid century to stylowe i kultowe dodatki do wn\u0119trz, kt\u00f3re powsta\u0142y w latach 50. i 60. XX wieku. Charakteryzuj\u0105 si\u0119 one prost\u0105, minimalistyczn\u0105 form\u0105 oraz futurystycznym designem. Lampy wisz\u0105ce mid century idealnie wpisuj\u0105 si\u0119 w trendy designu, kt\u00f3ry stawia na funkcjonalno\u015b\u0107 i nawi\u0105zanie do przesz\u0142o\u015bci. Jak dobra\u0107&#8230;<\/p>\n","protected":false},"author":1,"featured_media":0,"comment_status":"open","ping_status":"open","sticky":false,"template":"","format":"standard","meta":{"footnotes":""},"categories":[1],"tags":[],"class_list":["post-944","post","type-post","status-publish","format-standard","hentry","category-bez-kategorii"],"_links":{"self":[{"href":"https:\/\/www.earlydays.pl\/index.php\/wp-json\/wp\/v2\/posts\/944","targetHints":{"allow":["GET"]}}],"collection":[{"href":"https:\/\/www.earlydays.pl\/index.php\/wp-json\/wp\/v2\/posts"}],"about":[{"href":"https:\/\/www.earlydays.pl\/index.php\/wp-json\/wp\/v2\/types\/post"}],"author":[{"embeddable":true,"href":"https:\/\/www.earlydays.pl\/index.php\/wp-json\/wp\/v2\/users\/1"}],"replies":[{"embeddable":true,"href":"https:\/\/www.earlydays.pl\/index.php\/wp-json\/wp\/v2\/comments?post=944"}],"version-history":[{"count":0,"href":"https:\/\/www.earlydays.pl\/index.php\/wp-json\/wp\/v2\/posts\/944\/revisions"}],"wp:attachment":[{"href":"https:\/\/www.earlydays.pl\/index.php\/wp-json\/wp\/v2\/media?parent=944"}],"wp:term":[{"taxonomy":"category","embeddable":true,"href":"https:\/\/www.earlydays.pl\/index.php\/wp-json\/wp\/v2\/categories?post=944"},{"taxonomy":"post_tag","embeddable":true,"href":"https:\/\/www.earlydays.pl\/index.php\/wp-json\/wp\/v2\/tags?post=944"}],"curies":[{"name":"wp","href":"https:\/\/api.w.org\/{rel}","templated":true}]}}