{"id":980,"date":"2023-07-16T20:28:34","date_gmt":"2023-07-16T18:28:34","guid":{"rendered":"https:\/\/www.earlydays.pl\/?p=980"},"modified":"2023-04-11T05:24:40","modified_gmt":"2023-04-11T03:24:40","slug":"podwieszana-sufka-coffa-stylowe-rozwiazanie-dla-twojego-domu","status":"publish","type":"post","link":"https:\/\/www.earlydays.pl\/index.php\/2023\/07\/16\/podwieszana-sufka-coffa-stylowe-rozwiazanie-dla-twojego-domu\/","title":{"rendered":"Podwieszana sufka Coffa &#8211; stylowe rozwi\u0105zanie dla Twojego domu"},"content":{"rendered":"<h2>Czym jest Coffa Ceiling?<\/h2>\n<p>Coffa Ceiling to rozwi\u0105zanie stosowane w aran\u017cacji wn\u0119trz, w szczeg\u00f3lno\u015bci w pomieszczeniach, gdzie zale\u017cy nam na podwy\u017cszeniu i uwydatnieniu przestrzeni. Jest to podwieszana konstrukcja, kt\u00f3ra sk\u0142ada si\u0119 z modu\u0142\u00f3w, sk\u0142adaj\u0105cych si\u0119 na kompletny system.<\/p>\n<p>Dzi\u0119ki temu, \u017ce Coffa Ceiling mo\u017ce by\u0107 \u0142atwo dostosowany do ka\u017cdej powierzchni &#8211; zar\u00f3wno pod wzgl\u0119dem kszta\u0142tu, jak i wielko\u015bci &#8211; z powodzeniem stosuje si\u0119 go niemal we wszystkich pomieszczeniach: w salonie, kuchni, sypialni, a tak\u017ce w przestrzeni biurowej czy handlowej.<\/p>\n<h2>Zalety Coffa Ceiling<\/h2>\n<ol>\n<li>Podwy\u017cszenie przestrzeni &#8211; Coffa Ceiling pozwala na wizualne powi\u0119kszenie danego pomieszczenia. Idealnie sprawdza si\u0119 w przypadku niskich sufit\u00f3w, dzi\u0119ki czemu przestrze\u0144 wydaje si\u0119 bardziej przestronna.<\/li>\n<li>Estetyka &#8211; prostota i elegancja to s\u0142owa, kt\u00f3re idealnie opisuj\u0105 wyko\u0144czenie Coffa Ceiling. Dzi\u0119ki temu, \u017ce system ten jest modu\u0142owy, mo\u017ce by\u0107 dostosowany pod indywidualne potrzeby klienta &#8211; mo\u017cna wybiera\u0107 spo\u015br\u00f3d wielu wariant\u00f3w kolorystycznych.<\/li>\n<li>Funkcjonalno\u015b\u0107 &#8211; Coffa Ceiling to nie tylko estetyczne rozwi\u0105zanie, ale przede wszystkim funkcjonalne. Modu\u0142y systemu mo\u017cna wykorzysta\u0107 do umieszczenia o\u015bwietlenia czy instalacji wentylacyjnych.<\/li>\n<li>Monta\u017c &#8211; podwieszana sufka Coffa jest \u0142atwa w monta\u017cu i nie wymaga zaawansowanych narz\u0119dzi.<\/li>\n<li>Trwa\u0142o\u015b\u0107 &#8211; dzi\u0119ki u\u017cyciu materia\u0142\u00f3w najwy\u017cszej jako\u015bci, Coffa Ceiling jest bardzo trwa\u0142ym rozwi\u0105zaniem, co pozwala na korzystanie z niego przez wiele lat.<\/li>\n<\/ol>\n<h2>Proces monta\u017cu<\/h2>\n<p>Monta\u017c Coffa Ceiling rozpoczynamy od przygotowania pod\u0142o\u017ca. Powierzchnia musi by\u0107 r\u00f3wna i zdolna do ud\u017awig\u00f3w, dlatego konieczna jest wykonanie odpowiednich prac przygotowawczych.<\/p>\n<p>Nast\u0119pnie uk\u0142adamy podk\u0142adk\u0119 d\u017awi\u0119koch\u0142onn\u0105, kt\u00f3ra pozwala na izolacj\u0119 akustyczn\u0105. Na niej umieszczamy mocowania dla profil\u00f3w, na kt\u00f3rych b\u0119d\u0105 zawieszone modu\u0142y systemu Coffa Ceiling.<\/p>\n<p>Kolejny krok to zamontowanie profili, po czym wk\u0142adamy w nie modu\u0142y. Dzi\u0119ki temu, \u017ce system Coffa Ceiling jest modu\u0142owy, monta\u017c nie jest skomplikowany, a ka\u017cdy mo\u017ce sobie poradzi\u0107 z jego instalacj\u0105.<\/p>\n<p>Coffa Ceiling to rozwi\u0105zanie, kt\u00f3re pozwala na podwy\u017cszenie i uwydatnienie przestrzeni w ka\u017cdym pomieszczeniu. Wykonane z najwy\u017cszej jako\u015bci materia\u0142\u00f3w, jest nie tylko estetyczne, ale i funkcjonalne. Modu\u0142y systemu maj\u0105 wiele zastosowa\u0144, dzi\u0119ki czemu mo\u017cna w \u0142atwy spos\u00f3b zamontowa\u0107 o\u015bwietlenie czy instalacj\u0119 wentylacyjn\u0105.<\/p>\n<p>Monta\u017c Coffa Ceiling jest \u0142atwy i nie wymaga specjalistycznych narz\u0119dzi. Dzi\u0119ki temu, \u017ce system ten jest modu\u0142owy, mo\u017cliwe jest dostosowanie pod indywidualne potrzeby klient\u00f3w &#8211; mo\u017cna wybiera\u0107 spo\u015br\u00f3d wielu wariant\u00f3w kolorystycznych.<\/p>\n<p>Je\u015bli planujesz remont lub aran\u017cacj\u0119 wn\u0119trz, to warto rozwa\u017cy\u0107 instalacj\u0119 Coffa Ceiling &#8211; z pewno\u015bci\u0105 pozytywnie wp\u0142ynie na<\/p>\n","protected":false},"excerpt":{"rendered":"<p>Czym jest Coffa Ceiling? Coffa Ceiling to rozwi\u0105zanie stosowane w aran\u017cacji wn\u0119trz, w szczeg\u00f3lno\u015bci w pomieszczeniach, gdzie zale\u017cy nam na podwy\u017cszeniu i uwydatnieniu przestrzeni. Jest to podwieszana konstrukcja, kt\u00f3ra sk\u0142ada si\u0119 z modu\u0142\u00f3w, sk\u0142adaj\u0105cych si\u0119 na kompletny system. Dzi\u0119ki temu, \u017ce Coffa Ceiling mo\u017ce by\u0107 \u0142atwo dostosowany do ka\u017cdej powierzchni &#8211; zar\u00f3wno pod wzgl\u0119dem kszta\u0142tu,&#8230;<\/p>\n","protected":false},"author":1,"featured_media":2593,"comment_status":"open","ping_status":"open","sticky":false,"template":"","format":"standard","meta":{"footnotes":""},"categories":[8],"tags":[],"class_list":["post-980","post","type-post","status-publish","format-standard","has-post-thumbnail","hentry","category-prezent"],"_links":{"self":[{"href":"https:\/\/www.earlydays.pl\/index.php\/wp-json\/wp\/v2\/posts\/980","targetHints":{"allow":["GET"]}}],"collection":[{"href":"https:\/\/www.earlydays.pl\/index.php\/wp-json\/wp\/v2\/posts"}],"about":[{"href":"https:\/\/www.earlydays.pl\/index.php\/wp-json\/wp\/v2\/types\/post"}],"author":[{"embeddable":true,"href":"https:\/\/www.earlydays.pl\/index.php\/wp-json\/wp\/v2\/users\/1"}],"replies":[{"embeddable":true,"href":"https:\/\/www.earlydays.pl\/index.php\/wp-json\/wp\/v2\/comments?post=980"}],"version-history":[{"count":1,"href":"https:\/\/www.earlydays.pl\/index.php\/wp-json\/wp\/v2\/posts\/980\/revisions"}],"predecessor-version":[{"id":2659,"href":"https:\/\/www.earlydays.pl\/index.php\/wp-json\/wp\/v2\/posts\/980\/revisions\/2659"}],"wp:featuredmedia":[{"embeddable":true,"href":"https:\/\/www.earlydays.pl\/index.php\/wp-json\/wp\/v2\/media\/2593"}],"wp:attachment":[{"href":"https:\/\/www.earlydays.pl\/index.php\/wp-json\/wp\/v2\/media?parent=980"}],"wp:term":[{"taxonomy":"category","embeddable":true,"href":"https:\/\/www.earlydays.pl\/index.php\/wp-json\/wp\/v2\/categories?post=980"},{"taxonomy":"post_tag","embeddable":true,"href":"https:\/\/www.earlydays.pl\/index.php\/wp-json\/wp\/v2\/tags?post=980"}],"curies":[{"name":"wp","href":"https:\/\/api.w.org\/{rel}","templated":true}]}}